{"id":9163,"date":"2023-10-06T10:19:54","date_gmt":"2023-10-06T13:19:54","guid":{"rendered":"https:\/\/prodelcobre.cl\/nueva\/?p=9163"},"modified":"2023-10-06T10:19:54","modified_gmt":"2023-10-06T13:19:54","slug":"subsecretaria-de-mineria-encabezo-xiii-conferencia-de-ministerios-de-mineria-de-las-americas","status":"publish","type":"post","link":"https:\/\/prodelcobre.cl\/nueva\/subsecretaria-de-mineria-encabezo-xiii-conferencia-de-ministerios-de-mineria-de-las-americas\/","title":{"rendered":"Subsecretaria de Miner\u00eda encabez\u00f3 XIII Conferencia de Ministerios de Miner\u00eda de las Am\u00e9ricas"},"content":{"rendered":"\n<h2 class=\"wp-block-heading\">Chile recibi\u00f3 a los representantes de Argentina, Bolivia, Brasil, Canad\u00e1, Costa Rica, El Salvador, Guatemala, Honduras, Jamaica, Per\u00fa, Rep\u00fablica Dominicana, Surinam y Uruguay.<\/h2>\n\n\n\n<p class=\"has-medium-font-size\">Santiago fue la sede de la XIII Conferencia Anual de Ministerios de Miner\u00eda de las Am\u00e9ricas \u2013 CAMMA 2023 que, esta semana, convoc\u00f3 a altas autoridades mineras gubernamentales del continente. El evento se realiz\u00f3 con el fin de<strong> identificar oportunidades e intereses de cooperaci\u00f3n regional, en materia de minerales estrat\u00e9gicos.<\/strong><\/p>\n\n\n\n<p class=\"has-medium-font-size\">La XIII Conferencia de Ministerios de Miner\u00eda de las Am\u00e9ricas, CAMMA 2023, consider\u00f3 la intervenci\u00f3n de Mauricio Le\u00f3n, jefe de la Unidad de Recursos No Renovables de la Divisi\u00f3n de Recursos Naturales de CEPAL, con la ponencia El sector minero en Am\u00e9rica Latina y el Caribe: Tendencias y Perspectivas. El encuentro internacional culmin\u00f3 con la visita de las delegaciones a las operaciones de El Teniente de Codelco, donde pudieron recorrer las instalaciones de la mina subterr\u00e1nea m\u00e1s grande del mundo y conocer el hist\u00f3rico campamento Sewell, declarado por Unesco como Patrimonio Mundial de la Humanidad en 2006.<\/p>\n","protected":false},"excerpt":{"rendered":"<p>Chile recibi\u00f3 a los representantes de Argentina, Bolivia, Brasil, Canad\u00e1, Costa Rica, El Salvador, Guatemala, Honduras, Jamaica, Per\u00fa,<\/p>\n","protected":false},"author":3,"featured_media":6451,"comment_status":"closed","ping_status":"","sticky":false,"template":"","format":"standard","meta":{"footnotes":""},"categories":[51,57,52],"tags":[89],"class_list":["post-9163","post","type-post","status-publish","format-standard","has-post-thumbnail","hentry","category-chile","category-internacional","category-noticias","tag-mineria-4"],"rttpg_featured_image_url":{"full":["https:\/\/prodelcobre.cl\/nueva\/wp-content\/uploads\/2022\/09\/camion-mineria.jpeg",850,560,false],"landscape":["https:\/\/prodelcobre.cl\/nueva\/wp-content\/uploads\/2022\/09\/camion-mineria.jpeg",850,560,false],"portraits":["https:\/\/prodelcobre.cl\/nueva\/wp-content\/uploads\/2022\/09\/camion-mineria.jpeg",850,560,false],"thumbnail":["https:\/\/prodelcobre.cl\/nueva\/wp-content\/uploads\/2022\/09\/camion-mineria-150x150.jpeg",150,150,true],"medium":["https:\/\/prodelcobre.cl\/nueva\/wp-content\/uploads\/2022\/09\/camion-mineria.jpeg",850,560,false],"large":["https:\/\/prodelcobre.cl\/nueva\/wp-content\/uploads\/2022\/09\/camion-mineria.jpeg",850,560,false],"1536x1536":["https:\/\/prodelcobre.cl\/nueva\/wp-content\/uploads\/2022\/09\/camion-mineria.jpeg",850,560,false],"2048x2048":["https:\/\/prodelcobre.cl\/nueva\/wp-content\/uploads\/2022\/09\/camion-mineria.jpeg",850,560,false],"morenews-featured":["https:\/\/prodelcobre.cl\/nueva\/wp-content\/uploads\/2022\/09\/camion-mineria.jpeg",850,560,false],"morenews-large":["https:\/\/prodelcobre.cl\/nueva\/wp-content\/uploads\/2022\/09\/camion-mineria.jpeg",825,544,false],"morenews-medium":["https:\/\/prodelcobre.cl\/nueva\/wp-content\/uploads\/2022\/09\/camion-mineria.jpeg",590,389,false],"psacp-medium":["https:\/\/prodelcobre.cl\/nueva\/wp-content\/uploads\/2022\/09\/camion-mineria.jpeg",500,329,false]},"rttpg_author":{"display_name":"Francisco P\u00e9rez Alvi\u00e1rez","author_link":"https:\/\/prodelcobre.cl\/nueva\/author\/fperez\/"},"rttpg_comment":0,"rttpg_category":"<a href=\"https:\/\/prodelcobre.cl\/nueva\/category\/chile\/\" rel=\"category tag\">Chile<\/a> <a href=\"https:\/\/prodelcobre.cl\/nueva\/category\/internacional\/\" rel=\"category tag\">Internacional<\/a> <a href=\"https:\/\/prodelcobre.cl\/nueva\/category\/noticias\/\" rel=\"category tag\">Noticias<\/a>","rttpg_excerpt":"Chile recibi\u00f3 a los representantes de Argentina, Bolivia, Brasil, Canad\u00e1, Costa Rica, El Salvador, Guatemala, Honduras, Jamaica, Per\u00fa,","_links":{"self":[{"href":"https:\/\/prodelcobre.cl\/nueva\/wp-json\/wp\/v2\/posts\/9163","targetHints":{"allow":["GET"]}}],"collection":[{"href":"https:\/\/prodelcobre.cl\/nueva\/wp-json\/wp\/v2\/posts"}],"about":[{"href":"https:\/\/prodelcobre.cl\/nueva\/wp-json\/wp\/v2\/types\/post"}],"author":[{"embeddable":true,"href":"https:\/\/prodelcobre.cl\/nueva\/wp-json\/wp\/v2\/users\/3"}],"replies":[{"embeddable":true,"href":"https:\/\/prodelcobre.cl\/nueva\/wp-json\/wp\/v2\/comments?post=9163"}],"version-history":[{"count":1,"href":"https:\/\/prodelcobre.cl\/nueva\/wp-json\/wp\/v2\/posts\/9163\/revisions"}],"predecessor-version":[{"id":9164,"href":"https:\/\/prodelcobre.cl\/nueva\/wp-json\/wp\/v2\/posts\/9163\/revisions\/9164"}],"wp:featuredmedia":[{"embeddable":true,"href":"https:\/\/prodelcobre.cl\/nueva\/wp-json\/wp\/v2\/media\/6451"}],"wp:attachment":[{"href":"https:\/\/prodelcobre.cl\/nueva\/wp-json\/wp\/v2\/media?parent=9163"}],"wp:term":[{"taxonomy":"category","embeddable":true,"href":"https:\/\/prodelcobre.cl\/nueva\/wp-json\/wp\/v2\/categories?post=9163"},{"taxonomy":"post_tag","embeddable":true,"href":"https:\/\/prodelcobre.cl\/nueva\/wp-json\/wp\/v2\/tags?post=9163"}],"curies":[{"name":"wp","href":"https:\/\/api.w.org\/{rel}","templated":true}]}}