{"id":9165,"date":"2023-10-06T10:28:43","date_gmt":"2023-10-06T13:28:43","guid":{"rendered":"https:\/\/prodelcobre.cl\/nueva\/?p=9165"},"modified":"2023-10-06T10:28:44","modified_gmt":"2023-10-06T13:28:44","slug":"codelco-y-ocde-lanzaron-estrategia-minera-para-el-bienestar-de-la-region-de-antofagasta","status":"publish","type":"post","link":"https:\/\/prodelcobre.cl\/nueva\/codelco-y-ocde-lanzaron-estrategia-minera-para-el-bienestar-de-la-region-de-antofagasta\/","title":{"rendered":"Codelco y OCDE lanzaron Estrategia Minera para el Bienestar de la Regi\u00f3n de Antofagasta"},"content":{"rendered":"\n<h2 class=\"wp-block-heading\">Codelco estuvo representada por el vicepresidente de Operaciones Norte, Nicol\u00e1s Rivera y por el vicepresidente de la Federaci\u00f3n de Trabajadores del Cobre,&nbsp;Alberto Mu\u00f1oz.&nbsp;<\/h2>\n\n\n\n<p class=\"has-medium-font-size\">La Organizaci\u00f3n para la Cooperaci\u00f3n y Desarrollo Econ\u00f3mico (OCDE) con el apoyo de Codelco lanzaron la iniciativa que congreg\u00f3 a autoridades, comunidad y empresas para <strong>establecer garant\u00edas de participaci\u00f3n, de encuentro y di\u00e1logo entre la gran industria y las distintas comunidades.<\/strong><\/p>\n\n\n\n<p class=\"has-medium-font-size\">Seg\u00fan indicaron sus promotores, esta estrategia quiere impulsar un mayor Bienestar en la Regi\u00f3n de Antofagasta construido sobre la base de un sector minero competitivo y ambientalmente responsable.<\/p>\n","protected":false},"excerpt":{"rendered":"<p>Codelco estuvo representada por el vicepresidente de Operaciones Norte, Nicol\u00e1s Rivera y por el vicepresidente de la Federaci\u00f3n<\/p>\n","protected":false},"author":3,"featured_media":9166,"comment_status":"closed","ping_status":"closed","sticky":false,"template":"","format":"standard","meta":{"footnotes":""},"categories":[51,52],"tags":[179],"class_list":["post-9165","post","type-post","status-publish","format-standard","has-post-thumbnail","hentry","category-chile","category-noticias","tag-antofagasta"],"rttpg_featured_image_url":{"full":["https:\/\/prodelcobre.cl\/nueva\/wp-content\/uploads\/2023\/10\/antofagasta.jpg",1272,842,false],"landscape":["https:\/\/prodelcobre.cl\/nueva\/wp-content\/uploads\/2023\/10\/antofagasta.jpg",1272,842,false],"portraits":["https:\/\/prodelcobre.cl\/nueva\/wp-content\/uploads\/2023\/10\/antofagasta.jpg",1272,842,false],"thumbnail":["https:\/\/prodelcobre.cl\/nueva\/wp-content\/uploads\/2023\/10\/antofagasta-150x150.jpg",150,150,true],"medium":["https:\/\/prodelcobre.cl\/nueva\/wp-content\/uploads\/2023\/10\/antofagasta.jpg",1272,842,false],"large":["https:\/\/prodelcobre.cl\/nueva\/wp-content\/uploads\/2023\/10\/antofagasta.jpg",1272,842,false],"1536x1536":["https:\/\/prodelcobre.cl\/nueva\/wp-content\/uploads\/2023\/10\/antofagasta.jpg",1272,842,false],"2048x2048":["https:\/\/prodelcobre.cl\/nueva\/wp-content\/uploads\/2023\/10\/antofagasta.jpg",1272,842,false],"morenews-featured":["https:\/\/prodelcobre.cl\/nueva\/wp-content\/uploads\/2023\/10\/antofagasta-1024x678.jpg",1024,678,true],"morenews-large":["https:\/\/prodelcobre.cl\/nueva\/wp-content\/uploads\/2023\/10\/antofagasta-825x575.jpg",825,575,true],"morenews-medium":["https:\/\/prodelcobre.cl\/nueva\/wp-content\/uploads\/2023\/10\/antofagasta-590x410.jpg",590,410,true],"psacp-medium":["https:\/\/prodelcobre.cl\/nueva\/wp-content\/uploads\/2023\/10\/antofagasta.jpg",500,331,false]},"rttpg_author":{"display_name":"Francisco P\u00e9rez Alvi\u00e1rez","author_link":"https:\/\/prodelcobre.cl\/nueva\/author\/fperez\/"},"rttpg_comment":0,"rttpg_category":"<a href=\"https:\/\/prodelcobre.cl\/nueva\/category\/chile\/\" rel=\"category tag\">Chile<\/a> <a href=\"https:\/\/prodelcobre.cl\/nueva\/category\/noticias\/\" rel=\"category tag\">Noticias<\/a>","rttpg_excerpt":"Codelco estuvo representada por el vicepresidente de Operaciones Norte, Nicol\u00e1s Rivera y por el vicepresidente de la Federaci\u00f3n","_links":{"self":[{"href":"https:\/\/prodelcobre.cl\/nueva\/wp-json\/wp\/v2\/posts\/9165","targetHints":{"allow":["GET"]}}],"collection":[{"href":"https:\/\/prodelcobre.cl\/nueva\/wp-json\/wp\/v2\/posts"}],"about":[{"href":"https:\/\/prodelcobre.cl\/nueva\/wp-json\/wp\/v2\/types\/post"}],"author":[{"embeddable":true,"href":"https:\/\/prodelcobre.cl\/nueva\/wp-json\/wp\/v2\/users\/3"}],"replies":[{"embeddable":true,"href":"https:\/\/prodelcobre.cl\/nueva\/wp-json\/wp\/v2\/comments?post=9165"}],"version-history":[{"count":1,"href":"https:\/\/prodelcobre.cl\/nueva\/wp-json\/wp\/v2\/posts\/9165\/revisions"}],"predecessor-version":[{"id":9167,"href":"https:\/\/prodelcobre.cl\/nueva\/wp-json\/wp\/v2\/posts\/9165\/revisions\/9167"}],"wp:featuredmedia":[{"embeddable":true,"href":"https:\/\/prodelcobre.cl\/nueva\/wp-json\/wp\/v2\/media\/9166"}],"wp:attachment":[{"href":"https:\/\/prodelcobre.cl\/nueva\/wp-json\/wp\/v2\/media?parent=9165"}],"wp:term":[{"taxonomy":"category","embeddable":true,"href":"https:\/\/prodelcobre.cl\/nueva\/wp-json\/wp\/v2\/categories?post=9165"},{"taxonomy":"post_tag","embeddable":true,"href":"https:\/\/prodelcobre.cl\/nueva\/wp-json\/wp\/v2\/tags?post=9165"}],"curies":[{"name":"wp","href":"https:\/\/api.w.org\/{rel}","templated":true}]}}