{"id":9168,"date":"2023-10-06T11:15:14","date_gmt":"2023-10-06T14:15:14","guid":{"rendered":"https:\/\/prodelcobre.cl\/nueva\/?p=9168"},"modified":"2023-10-06T11:15:15","modified_gmt":"2023-10-06T14:15:15","slug":"departamento-de-ingenieria-en-minas-de-la-usach-presento-documental-sobre-su-historia-y-memoria","status":"publish","type":"post","link":"https:\/\/prodelcobre.cl\/nueva\/departamento-de-ingenieria-en-minas-de-la-usach-presento-documental-sobre-su-historia-y-memoria\/","title":{"rendered":"Departamento de Ingenier\u00eda en Minas de la USACH present\u00f3 documental sobre su historia y memoria"},"content":{"rendered":"\n<h2 class=\"wp-block-heading\">La proyecci\u00f3n de este documental se realiz\u00f3 en la sede de la casa de estudios en Estaci\u00f3n Central y cont\u00f3 con la presencia de importantes protagonistas de la carrera de Ingenier\u00eda en Minas. <\/h2>\n\n\n\n<p class=\"has-medium-font-size\">El Departamento de Ingenier\u00eda en Minas conjuntamente con la Corporaci\u00f3n de Egresados\/as Corpomin D.U.U de la Universidad de Santiago de Chile, presentaron el documental \u201cCr\u00f3nica Minera: Identidad e Historia del Departamento de Ingenier\u00eda en Minas-USACH&#8221;, este proyecto reuni\u00f3 testimonios hist\u00f3ricos, memorias y motivaci\u00f3n de aquellos que han marcado la pauta dentro de esta carrera en la universidad.<\/p>\n\n\n\n<p class=\"has-medium-font-size\">El evento tuvo lugar en la Sala Estaci\u00f3n VIME de la universidad, y cont\u00f3 con una nutrida participaci\u00f3n de estudiantes, docentes, protagonistas del documental, y personalidades de la casa de estudios, donde Juan Hurtado, Director del Departamento de Minas, encabez\u00f3 las palabras de apertura. <\/p>\n\n\n\n<figure class=\"wp-block-image size-large\"><img decoding=\"async\" src=\"https:\/\/amagazine.cl\/wp-content\/uploads\/2023\/10\/usach-2.jpg\" alt=\"\" class=\"wp-image-12287\"\/><\/figure>\n\n\n\n<figure class=\"wp-block-image size-large\"><img decoding=\"async\" src=\"https:\/\/amagazine.cl\/wp-content\/uploads\/2023\/10\/usach-3.jpg\" alt=\"\" class=\"wp-image-12288\"\/><\/figure>\n","protected":false},"excerpt":{"rendered":"<p>La proyecci\u00f3n de este documental se realiz\u00f3 en la sede de la casa de estudios en Estaci\u00f3n Central<\/p>\n","protected":false},"author":3,"featured_media":9169,"comment_status":"closed","ping_status":"closed","sticky":false,"template":"","format":"standard","meta":{"footnotes":""},"categories":[51,52],"tags":[89,472],"class_list":["post-9168","post","type-post","status-publish","format-standard","has-post-thumbnail","hentry","category-chile","category-noticias","tag-mineria-4","tag-usach"],"rttpg_featured_image_url":{"full":["https:\/\/prodelcobre.cl\/nueva\/wp-content\/uploads\/2023\/10\/usach-1.jpg",1478,924,false],"landscape":["https:\/\/prodelcobre.cl\/nueva\/wp-content\/uploads\/2023\/10\/usach-1.jpg",1478,924,false],"portraits":["https:\/\/prodelcobre.cl\/nueva\/wp-content\/uploads\/2023\/10\/usach-1.jpg",1478,924,false],"thumbnail":["https:\/\/prodelcobre.cl\/nueva\/wp-content\/uploads\/2023\/10\/usach-1-150x150.jpg",150,150,true],"medium":["https:\/\/prodelcobre.cl\/nueva\/wp-content\/uploads\/2023\/10\/usach-1.jpg",1478,924,false],"large":["https:\/\/prodelcobre.cl\/nueva\/wp-content\/uploads\/2023\/10\/usach-1.jpg",1478,924,false],"1536x1536":["https:\/\/prodelcobre.cl\/nueva\/wp-content\/uploads\/2023\/10\/usach-1.jpg",1478,924,false],"2048x2048":["https:\/\/prodelcobre.cl\/nueva\/wp-content\/uploads\/2023\/10\/usach-1.jpg",1478,924,false],"morenews-featured":["https:\/\/prodelcobre.cl\/nueva\/wp-content\/uploads\/2023\/10\/usach-1-1024x640.jpg",1024,640,true],"morenews-large":["https:\/\/prodelcobre.cl\/nueva\/wp-content\/uploads\/2023\/10\/usach-1-825x575.jpg",825,575,true],"morenews-medium":["https:\/\/prodelcobre.cl\/nueva\/wp-content\/uploads\/2023\/10\/usach-1-590x410.jpg",590,410,true],"psacp-medium":["https:\/\/prodelcobre.cl\/nueva\/wp-content\/uploads\/2023\/10\/usach-1.jpg",500,313,false]},"rttpg_author":{"display_name":"Francisco P\u00e9rez Alvi\u00e1rez","author_link":"https:\/\/prodelcobre.cl\/nueva\/author\/fperez\/"},"rttpg_comment":0,"rttpg_category":"<a href=\"https:\/\/prodelcobre.cl\/nueva\/category\/chile\/\" rel=\"category tag\">Chile<\/a> <a href=\"https:\/\/prodelcobre.cl\/nueva\/category\/noticias\/\" rel=\"category tag\">Noticias<\/a>","rttpg_excerpt":"La proyecci\u00f3n de este documental se realiz\u00f3 en la sede de la casa de estudios en Estaci\u00f3n Central","_links":{"self":[{"href":"https:\/\/prodelcobre.cl\/nueva\/wp-json\/wp\/v2\/posts\/9168","targetHints":{"allow":["GET"]}}],"collection":[{"href":"https:\/\/prodelcobre.cl\/nueva\/wp-json\/wp\/v2\/posts"}],"about":[{"href":"https:\/\/prodelcobre.cl\/nueva\/wp-json\/wp\/v2\/types\/post"}],"author":[{"embeddable":true,"href":"https:\/\/prodelcobre.cl\/nueva\/wp-json\/wp\/v2\/users\/3"}],"replies":[{"embeddable":true,"href":"https:\/\/prodelcobre.cl\/nueva\/wp-json\/wp\/v2\/comments?post=9168"}],"version-history":[{"count":1,"href":"https:\/\/prodelcobre.cl\/nueva\/wp-json\/wp\/v2\/posts\/9168\/revisions"}],"predecessor-version":[{"id":9173,"href":"https:\/\/prodelcobre.cl\/nueva\/wp-json\/wp\/v2\/posts\/9168\/revisions\/9173"}],"wp:featuredmedia":[{"embeddable":true,"href":"https:\/\/prodelcobre.cl\/nueva\/wp-json\/wp\/v2\/media\/9169"}],"wp:attachment":[{"href":"https:\/\/prodelcobre.cl\/nueva\/wp-json\/wp\/v2\/media?parent=9168"}],"wp:term":[{"taxonomy":"category","embeddable":true,"href":"https:\/\/prodelcobre.cl\/nueva\/wp-json\/wp\/v2\/categories?post=9168"},{"taxonomy":"post_tag","embeddable":true,"href":"https:\/\/prodelcobre.cl\/nueva\/wp-json\/wp\/v2\/tags?post=9168"}],"curies":[{"name":"wp","href":"https:\/\/api.w.org\/{rel}","templated":true}]}}