{"id":9174,"date":"2023-10-10T09:33:54","date_gmt":"2023-10-10T12:33:54","guid":{"rendered":"https:\/\/prodelcobre.cl\/nueva\/?p=9174"},"modified":"2023-10-10T09:33:55","modified_gmt":"2023-10-10T12:33:55","slug":"expertos-mineros-apuntan-a-necesidad-de-cambios-mas-profundos-en-codelco","status":"publish","type":"post","link":"https:\/\/prodelcobre.cl\/nueva\/expertos-mineros-apuntan-a-necesidad-de-cambios-mas-profundos-en-codelco\/","title":{"rendered":"Expertos mineros apuntan a necesidad de cambios m\u00e1s profundos en Codelco"},"content":{"rendered":"\n<h2 class=\"wp-block-heading\">La&nbsp;reestructuraci\u00f3n comenzar\u00e1 a regir el 1 de noviembre en medio de la crisis que ha enfrentado por la&nbsp;baja en la producci\u00f3n de cobre fino&nbsp;durante el primer semestre de este a\u00f1o y la&nbsp;alta deuda de US $18 mil millones.<\/h2>\n\n\n\n<p class=\"has-medium-font-size\">Codelco enfrenta una <strong>restructuraci\u00f3n en su mesa directiva<\/strong>&nbsp;que ha terminado con la&nbsp;<strong>renuncia de dos vicepresidentes<\/strong>&nbsp;en solo 48 horas, por lo que la compa\u00f1\u00eda anunci\u00f3 una serie de medidas para mitigar su crisis productiva y financiera. Una reestructuraci\u00f3n que, seg\u00fan expertos, a\u00fan es insuficiente.<\/p>\n\n\n\n<p class=\"has-medium-font-size\">Seg\u00fan rese\u00f1\u00f3 Radio Bio Bio, la&nbsp;<strong>reestructuraci\u00f3n de Codelco<\/strong>, que comenzar\u00e1 a regir desde el 1 de noviembre, se da en medio de la crisis que ha enfrentado la compa\u00f1\u00eda estatal por la&nbsp;<strong>baja en la producci\u00f3n de cobre fino<\/strong>&nbsp;durante el primer semestre de este a\u00f1o y la&nbsp;<strong>alta deuda de US$ 18 mil millones,<\/strong>&nbsp;que podr\u00eda llevarla a una situaci\u00f3n de insolvencia.<\/p>\n\n\n\n<p class=\"has-medium-font-size\">El cambio m\u00e1s significativo, seg\u00fan un comunicado de Codelco, es la integraci\u00f3n de las actuales vicepresidencias de operaciones Centro Sur, Norte y de Fundiciones y Refiner\u00edas (FURE),&nbsp;<strong>para formar una sola vicepresidencia de Operaciones<\/strong>, la que estar\u00e1 liderada por&nbsp;<strong>Mauricio Barraza<\/strong>, actual vicepresidente de operaciones Centro Sur.<\/p>\n","protected":false},"excerpt":{"rendered":"<p>La&nbsp;reestructuraci\u00f3n comenzar\u00e1 a regir el 1 de noviembre en medio de la crisis que ha enfrentado por la&nbsp;baja<\/p>\n","protected":false},"author":3,"featured_media":8063,"comment_status":"closed","ping_status":"closed","sticky":false,"template":"","format":"standard","meta":{"footnotes":""},"categories":[51,52],"tags":[101],"class_list":["post-9174","post","type-post","status-publish","format-standard","has-post-thumbnail","hentry","category-chile","category-noticias","tag-codelco"],"rttpg_featured_image_url":{"full":["https:\/\/prodelcobre.cl\/nueva\/wp-content\/uploads\/2023\/04\/codelco-1.jpg",1069,624,false],"landscape":["https:\/\/prodelcobre.cl\/nueva\/wp-content\/uploads\/2023\/04\/codelco-1.jpg",1069,624,false],"portraits":["https:\/\/prodelcobre.cl\/nueva\/wp-content\/uploads\/2023\/04\/codelco-1.jpg",1069,624,false],"thumbnail":["https:\/\/prodelcobre.cl\/nueva\/wp-content\/uploads\/2023\/04\/codelco-1-150x150.jpg",150,150,true],"medium":["https:\/\/prodelcobre.cl\/nueva\/wp-content\/uploads\/2023\/04\/codelco-1.jpg",1069,624,false],"large":["https:\/\/prodelcobre.cl\/nueva\/wp-content\/uploads\/2023\/04\/codelco-1.jpg",1069,624,false],"1536x1536":["https:\/\/prodelcobre.cl\/nueva\/wp-content\/uploads\/2023\/04\/codelco-1.jpg",1069,624,false],"2048x2048":["https:\/\/prodelcobre.cl\/nueva\/wp-content\/uploads\/2023\/04\/codelco-1.jpg",1069,624,false],"morenews-featured":["https:\/\/prodelcobre.cl\/nueva\/wp-content\/uploads\/2023\/04\/codelco-1.jpg",1024,598,false],"morenews-large":["https:\/\/prodelcobre.cl\/nueva\/wp-content\/uploads\/2023\/04\/codelco-1.jpg",825,482,false],"morenews-medium":["https:\/\/prodelcobre.cl\/nueva\/wp-content\/uploads\/2023\/04\/codelco-1.jpg",590,344,false],"psacp-medium":["https:\/\/prodelcobre.cl\/nueva\/wp-content\/uploads\/2023\/04\/codelco-1.jpg",500,292,false]},"rttpg_author":{"display_name":"Francisco P\u00e9rez Alvi\u00e1rez","author_link":"https:\/\/prodelcobre.cl\/nueva\/author\/fperez\/"},"rttpg_comment":0,"rttpg_category":"<a href=\"https:\/\/prodelcobre.cl\/nueva\/category\/chile\/\" rel=\"category tag\">Chile<\/a> <a href=\"https:\/\/prodelcobre.cl\/nueva\/category\/noticias\/\" rel=\"category tag\">Noticias<\/a>","rttpg_excerpt":"La&nbsp;reestructuraci\u00f3n comenzar\u00e1 a regir el 1 de noviembre en medio de la crisis que ha enfrentado por la&nbsp;baja","_links":{"self":[{"href":"https:\/\/prodelcobre.cl\/nueva\/wp-json\/wp\/v2\/posts\/9174","targetHints":{"allow":["GET"]}}],"collection":[{"href":"https:\/\/prodelcobre.cl\/nueva\/wp-json\/wp\/v2\/posts"}],"about":[{"href":"https:\/\/prodelcobre.cl\/nueva\/wp-json\/wp\/v2\/types\/post"}],"author":[{"embeddable":true,"href":"https:\/\/prodelcobre.cl\/nueva\/wp-json\/wp\/v2\/users\/3"}],"replies":[{"embeddable":true,"href":"https:\/\/prodelcobre.cl\/nueva\/wp-json\/wp\/v2\/comments?post=9174"}],"version-history":[{"count":1,"href":"https:\/\/prodelcobre.cl\/nueva\/wp-json\/wp\/v2\/posts\/9174\/revisions"}],"predecessor-version":[{"id":9175,"href":"https:\/\/prodelcobre.cl\/nueva\/wp-json\/wp\/v2\/posts\/9174\/revisions\/9175"}],"wp:featuredmedia":[{"embeddable":true,"href":"https:\/\/prodelcobre.cl\/nueva\/wp-json\/wp\/v2\/media\/8063"}],"wp:attachment":[{"href":"https:\/\/prodelcobre.cl\/nueva\/wp-json\/wp\/v2\/media?parent=9174"}],"wp:term":[{"taxonomy":"category","embeddable":true,"href":"https:\/\/prodelcobre.cl\/nueva\/wp-json\/wp\/v2\/categories?post=9174"},{"taxonomy":"post_tag","embeddable":true,"href":"https:\/\/prodelcobre.cl\/nueva\/wp-json\/wp\/v2\/tags?post=9174"}],"curies":[{"name":"wp","href":"https:\/\/api.w.org\/{rel}","templated":true}]}}