{"id":9182,"date":"2023-10-10T16:21:04","date_gmt":"2023-10-10T19:21:04","guid":{"rendered":"https:\/\/prodelcobre.cl\/nueva\/?p=9182"},"modified":"2023-10-10T16:21:06","modified_gmt":"2023-10-10T19:21:06","slug":"renuncio-la-vicepresidenta-de-asuntos-corporativos-y-sustentabilidad-de-codelco","status":"publish","type":"post","link":"https:\/\/prodelcobre.cl\/nueva\/renuncio-la-vicepresidenta-de-asuntos-corporativos-y-sustentabilidad-de-codelco\/","title":{"rendered":"Renunci\u00f3 la vicepresidenta de Asuntos Corporativos y Sustentabilidad de Codelco"},"content":{"rendered":"\n<h2 class=\"wp-block-heading\">Nicole Porcile Yanine renunci\u00f3 a la vicepresidencia relacionada al tema, la cual que se har\u00e1 efectiva el 31 de octubre.<\/h2>\n\n\n\n<p class=\"has-medium-font-size\">Codelco inform\u00f3 la renuncia de su vicepresidenta de Asuntos Corporativos y Sustentabilidad, Nicole Porcile Yanine, quien desde diciembre de 2022 estuvo a la cabeza de los desaf\u00edos en el \u00e1mbito de la sustentabilidad, necesarios para desarrollar miner\u00eda para el futuro.<\/p>\n\n\n\n<p class=\"has-medium-font-size\">Seg\u00fan indic\u00f3 la estatal desde un comunicado, la vicepresidenta saliente impuls\u00f3 durante su gesti\u00f3n, la estrategia que busca el control de los riesgos cr\u00edticos para eliminar las fatalidades por accidentes laborales. Adicionalmente, implement\u00f3 planes ambientales en las operaciones y la gesti\u00f3n de los permisos de los proyectos estructurales y divisionales.<\/p>\n","protected":false},"excerpt":{"rendered":"<p>Nicole Porcile Yanine renunci\u00f3 a la vicepresidencia relacionada al tema, la cual que se har\u00e1 efectiva el 31<\/p>\n","protected":false},"author":3,"featured_media":9183,"comment_status":"closed","ping_status":"closed","sticky":false,"template":"","format":"standard","meta":{"footnotes":""},"categories":[51,52],"tags":[101],"class_list":["post-9182","post","type-post","status-publish","format-standard","has-post-thumbnail","hentry","category-chile","category-noticias","tag-codelco"],"rttpg_featured_image_url":{"full":["https:\/\/prodelcobre.cl\/nueva\/wp-content\/uploads\/2023\/10\/Nicole-Porcile.jpg",752,616,false],"landscape":["https:\/\/prodelcobre.cl\/nueva\/wp-content\/uploads\/2023\/10\/Nicole-Porcile.jpg",752,616,false],"portraits":["https:\/\/prodelcobre.cl\/nueva\/wp-content\/uploads\/2023\/10\/Nicole-Porcile.jpg",752,616,false],"thumbnail":["https:\/\/prodelcobre.cl\/nueva\/wp-content\/uploads\/2023\/10\/Nicole-Porcile-150x150.jpg",150,150,true],"medium":["https:\/\/prodelcobre.cl\/nueva\/wp-content\/uploads\/2023\/10\/Nicole-Porcile.jpg",752,616,false],"large":["https:\/\/prodelcobre.cl\/nueva\/wp-content\/uploads\/2023\/10\/Nicole-Porcile.jpg",752,616,false],"1536x1536":["https:\/\/prodelcobre.cl\/nueva\/wp-content\/uploads\/2023\/10\/Nicole-Porcile.jpg",752,616,false],"2048x2048":["https:\/\/prodelcobre.cl\/nueva\/wp-content\/uploads\/2023\/10\/Nicole-Porcile.jpg",752,616,false],"morenews-featured":["https:\/\/prodelcobre.cl\/nueva\/wp-content\/uploads\/2023\/10\/Nicole-Porcile.jpg",752,616,false],"morenews-large":["https:\/\/prodelcobre.cl\/nueva\/wp-content\/uploads\/2023\/10\/Nicole-Porcile-752x575.jpg",752,575,true],"morenews-medium":["https:\/\/prodelcobre.cl\/nueva\/wp-content\/uploads\/2023\/10\/Nicole-Porcile-590x410.jpg",590,410,true],"psacp-medium":["https:\/\/prodelcobre.cl\/nueva\/wp-content\/uploads\/2023\/10\/Nicole-Porcile.jpg",500,410,false]},"rttpg_author":{"display_name":"Francisco P\u00e9rez Alvi\u00e1rez","author_link":"https:\/\/prodelcobre.cl\/nueva\/author\/fperez\/"},"rttpg_comment":0,"rttpg_category":"<a href=\"https:\/\/prodelcobre.cl\/nueva\/category\/chile\/\" rel=\"category tag\">Chile<\/a> <a href=\"https:\/\/prodelcobre.cl\/nueva\/category\/noticias\/\" rel=\"category tag\">Noticias<\/a>","rttpg_excerpt":"Nicole Porcile Yanine renunci\u00f3 a la vicepresidencia relacionada al tema, la cual que se har\u00e1 efectiva el 31","_links":{"self":[{"href":"https:\/\/prodelcobre.cl\/nueva\/wp-json\/wp\/v2\/posts\/9182","targetHints":{"allow":["GET"]}}],"collection":[{"href":"https:\/\/prodelcobre.cl\/nueva\/wp-json\/wp\/v2\/posts"}],"about":[{"href":"https:\/\/prodelcobre.cl\/nueva\/wp-json\/wp\/v2\/types\/post"}],"author":[{"embeddable":true,"href":"https:\/\/prodelcobre.cl\/nueva\/wp-json\/wp\/v2\/users\/3"}],"replies":[{"embeddable":true,"href":"https:\/\/prodelcobre.cl\/nueva\/wp-json\/wp\/v2\/comments?post=9182"}],"version-history":[{"count":1,"href":"https:\/\/prodelcobre.cl\/nueva\/wp-json\/wp\/v2\/posts\/9182\/revisions"}],"predecessor-version":[{"id":9184,"href":"https:\/\/prodelcobre.cl\/nueva\/wp-json\/wp\/v2\/posts\/9182\/revisions\/9184"}],"wp:featuredmedia":[{"embeddable":true,"href":"https:\/\/prodelcobre.cl\/nueva\/wp-json\/wp\/v2\/media\/9183"}],"wp:attachment":[{"href":"https:\/\/prodelcobre.cl\/nueva\/wp-json\/wp\/v2\/media?parent=9182"}],"wp:term":[{"taxonomy":"category","embeddable":true,"href":"https:\/\/prodelcobre.cl\/nueva\/wp-json\/wp\/v2\/categories?post=9182"},{"taxonomy":"post_tag","embeddable":true,"href":"https:\/\/prodelcobre.cl\/nueva\/wp-json\/wp\/v2\/tags?post=9182"}],"curies":[{"name":"wp","href":"https:\/\/api.w.org\/{rel}","templated":true}]}}