{"id":9185,"date":"2023-10-11T10:29:06","date_gmt":"2023-10-11T13:29:06","guid":{"rendered":"https:\/\/prodelcobre.cl\/nueva\/?p=9185"},"modified":"2023-10-11T10:30:55","modified_gmt":"2023-10-11T13:30:55","slug":"mininn-summit-inicio-su-5-edicion-enfocada-en-innovacion-nuevas-tecnologias-y-digitalizacion-en-mineria","status":"publish","type":"post","link":"https:\/\/prodelcobre.cl\/nueva\/mininn-summit-inicio-su-5-edicion-enfocada-en-innovacion-nuevas-tecnologias-y-digitalizacion-en-mineria\/","title":{"rendered":"Mininn Summit inici\u00f3 su 5\u00b0 edici\u00f3n enfocada en innovaci\u00f3n, nuevas tecnolog\u00edas y digitalizaci\u00f3n en miner\u00eda"},"content":{"rendered":"\n<h2 class=\"wp-block-heading\">El evento cerrar\u00e1 ma\u00f1ana con la jornada \u201cSomos STEM y +\u201d, el cual abordar\u00e1 el\u00a0enfoque que tienen actualmente las carreras cient\u00edficas en Chile y la necesidad de incluir una visi\u00f3n de g\u00e9nero en ellas.<\/h2>\n\n\n\n<p class=\"has-medium-font-size\">Mininn Summit inici\u00f3 su 5\u00b0 edici\u00f3n en donde busca fomentar la innovaci\u00f3n en miner\u00eda, contando con una primera jornada dirigida principalmente por conversaciones sobre tecnolog\u00edas y digitalizaci\u00f3n de la industria. El evento cuenta con la presencia de autoridades regionales de Antofagasta, compa\u00f1\u00edas mineras y empresas locales. <\/p>\n\n\n\n<p class=\"has-medium-font-size\">Con el apoyo de Corfo, Mininn Summit cuenta con destacadas empresas y organizaciones p\u00fablico-privada que\u00a0<strong>dieron vida a paneles de conversaci\u00f3n y charlas. En este contexto, el primer panel fue \u201cCambio Cultural: Ideando la Nueva Miner\u00eda\u201d<\/strong>, donde particip\u00f3 la jefa de Divisi\u00f3n de Fomento e Industria del Gobierno Regional de Antofagasta, Ruth Rodr\u00edguez, el gerente de Estudios de Aprimin, Jorge Bravo, y la gerente de Proyecto CCM &#8211; Eleva, Cecilia M\u00e9lendez.\u00a0<\/p>\n\n\n\n<p class=\"has-medium-font-size\">El evento cerrar\u00e1 ma\u00f1ana con la jornada \u201cSomos STEM y +\u201d, el cual abordar\u00e1 el\u00a0<strong>enfoque que tienen actualmente las carreras cient\u00edficas en Chile y la necesidad de incluir una visi\u00f3n de g\u00e9nero en ellas.<\/strong><\/p>\n","protected":false},"excerpt":{"rendered":"<p>El evento cerrar\u00e1 ma\u00f1ana con la jornada \u201cSomos STEM y +\u201d, el cual abordar\u00e1 el\u00a0enfoque que tienen actualmente<\/p>\n","protected":false},"author":3,"featured_media":9186,"comment_status":"closed","ping_status":"closed","sticky":false,"template":"","format":"standard","meta":{"footnotes":""},"categories":[51,52],"tags":[179,89],"class_list":["post-9185","post","type-post","status-publish","format-standard","has-post-thumbnail","hentry","category-chile","category-noticias","tag-antofagasta","tag-mineria-4"],"rttpg_featured_image_url":{"full":["https:\/\/prodelcobre.cl\/nueva\/wp-content\/uploads\/2023\/10\/Captura-de-pantalla-2023-10-11-102459.png",673,260,false],"landscape":["https:\/\/prodelcobre.cl\/nueva\/wp-content\/uploads\/2023\/10\/Captura-de-pantalla-2023-10-11-102459.png",673,260,false],"portraits":["https:\/\/prodelcobre.cl\/nueva\/wp-content\/uploads\/2023\/10\/Captura-de-pantalla-2023-10-11-102459.png",673,260,false],"thumbnail":["https:\/\/prodelcobre.cl\/nueva\/wp-content\/uploads\/2023\/10\/Captura-de-pantalla-2023-10-11-102459-150x150.png",150,150,true],"medium":["https:\/\/prodelcobre.cl\/nueva\/wp-content\/uploads\/2023\/10\/Captura-de-pantalla-2023-10-11-102459.png",673,260,false],"large":["https:\/\/prodelcobre.cl\/nueva\/wp-content\/uploads\/2023\/10\/Captura-de-pantalla-2023-10-11-102459.png",673,260,false],"1536x1536":["https:\/\/prodelcobre.cl\/nueva\/wp-content\/uploads\/2023\/10\/Captura-de-pantalla-2023-10-11-102459.png",673,260,false],"2048x2048":["https:\/\/prodelcobre.cl\/nueva\/wp-content\/uploads\/2023\/10\/Captura-de-pantalla-2023-10-11-102459.png",673,260,false],"morenews-featured":["https:\/\/prodelcobre.cl\/nueva\/wp-content\/uploads\/2023\/10\/Captura-de-pantalla-2023-10-11-102459.png",673,260,false],"morenews-large":["https:\/\/prodelcobre.cl\/nueva\/wp-content\/uploads\/2023\/10\/Captura-de-pantalla-2023-10-11-102459.png",673,260,false],"morenews-medium":["https:\/\/prodelcobre.cl\/nueva\/wp-content\/uploads\/2023\/10\/Captura-de-pantalla-2023-10-11-102459-590x260.png",590,260,true],"psacp-medium":["https:\/\/prodelcobre.cl\/nueva\/wp-content\/uploads\/2023\/10\/Captura-de-pantalla-2023-10-11-102459.png",500,193,false]},"rttpg_author":{"display_name":"Francisco P\u00e9rez Alvi\u00e1rez","author_link":"https:\/\/prodelcobre.cl\/nueva\/author\/fperez\/"},"rttpg_comment":0,"rttpg_category":"<a href=\"https:\/\/prodelcobre.cl\/nueva\/category\/chile\/\" rel=\"category tag\">Chile<\/a> <a href=\"https:\/\/prodelcobre.cl\/nueva\/category\/noticias\/\" rel=\"category tag\">Noticias<\/a>","rttpg_excerpt":"El evento cerrar\u00e1 ma\u00f1ana con la jornada \u201cSomos STEM y +\u201d, el cual abordar\u00e1 el\u00a0enfoque que tienen actualmente","_links":{"self":[{"href":"https:\/\/prodelcobre.cl\/nueva\/wp-json\/wp\/v2\/posts\/9185","targetHints":{"allow":["GET"]}}],"collection":[{"href":"https:\/\/prodelcobre.cl\/nueva\/wp-json\/wp\/v2\/posts"}],"about":[{"href":"https:\/\/prodelcobre.cl\/nueva\/wp-json\/wp\/v2\/types\/post"}],"author":[{"embeddable":true,"href":"https:\/\/prodelcobre.cl\/nueva\/wp-json\/wp\/v2\/users\/3"}],"replies":[{"embeddable":true,"href":"https:\/\/prodelcobre.cl\/nueva\/wp-json\/wp\/v2\/comments?post=9185"}],"version-history":[{"count":1,"href":"https:\/\/prodelcobre.cl\/nueva\/wp-json\/wp\/v2\/posts\/9185\/revisions"}],"predecessor-version":[{"id":9187,"href":"https:\/\/prodelcobre.cl\/nueva\/wp-json\/wp\/v2\/posts\/9185\/revisions\/9187"}],"wp:featuredmedia":[{"embeddable":true,"href":"https:\/\/prodelcobre.cl\/nueva\/wp-json\/wp\/v2\/media\/9186"}],"wp:attachment":[{"href":"https:\/\/prodelcobre.cl\/nueva\/wp-json\/wp\/v2\/media?parent=9185"}],"wp:term":[{"taxonomy":"category","embeddable":true,"href":"https:\/\/prodelcobre.cl\/nueva\/wp-json\/wp\/v2\/categories?post=9185"},{"taxonomy":"post_tag","embeddable":true,"href":"https:\/\/prodelcobre.cl\/nueva\/wp-json\/wp\/v2\/tags?post=9185"}],"curies":[{"name":"wp","href":"https:\/\/api.w.org\/{rel}","templated":true}]}}