{"id":9190,"date":"2023-10-11T13:13:28","date_gmt":"2023-10-11T16:13:28","guid":{"rendered":"https:\/\/prodelcobre.cl\/nueva\/?p=9190"},"modified":"2023-10-11T13:13:30","modified_gmt":"2023-10-11T16:13:30","slug":"ministra-williams-inicia-su-participacion-en-la-semana-de-la-bolsa-de-metales-de-londres","status":"publish","type":"post","link":"https:\/\/prodelcobre.cl\/nueva\/ministra-williams-inicia-su-participacion-en-la-semana-de-la-bolsa-de-metales-de-londres\/","title":{"rendered":"Ministra Williams inicia su participaci\u00f3n en la semana de la Bolsa de Metales de Londres"},"content":{"rendered":"\n<h2 class=\"wp-block-heading\">La ministra de Miner\u00eda se encuentra liderando la presencia chilena en Londres con el objetivo de potenciar la posici\u00f3n estrat\u00e9gica del pa\u00eds en el rubro minero.<\/h2>\n\n\n\n<p class=\"has-medium-font-size\">La semana de la Bolsa de Metales de Londres inici\u00f3 con la presencia de la ministra de Miner\u00eda, Aurora Williams, quien encabeza la comisi\u00f3n chilena junto a representantes de la embajada de Chile en Reino Unido. El evento inici\u00f3 este lunes con el Seminario de Metales de la LME. Dentro de las reuniones y exposiciones destac\u00f3 la del presidente del directorio de Codelco, M\u00e1ximo Pacheco.<\/p>\n\n\n\n<p class=\"has-medium-font-size\">Williams sostuvo importantes reuniones con la misi\u00f3n diplom\u00e1tica en Londres as\u00ed como con representantes de ProChile y de compa\u00f1\u00edas con presencia en la industria minera nacional que transan en el mercado de metales londinense. <\/p>\n","protected":false},"excerpt":{"rendered":"<p>La ministra de Miner\u00eda se encuentra liderando la presencia chilena en Londres con el objetivo de potenciar la<\/p>\n","protected":false},"author":3,"featured_media":9191,"comment_status":"closed","ping_status":"closed","sticky":false,"template":"","format":"standard","meta":{"footnotes":""},"categories":[51,52],"tags":[89],"class_list":["post-9190","post","type-post","status-publish","format-standard","has-post-thumbnail","hentry","category-chile","category-noticias","tag-mineria-4"],"rttpg_featured_image_url":{"full":["https:\/\/prodelcobre.cl\/nueva\/wp-content\/uploads\/2023\/10\/williams.jpg",911,611,false],"landscape":["https:\/\/prodelcobre.cl\/nueva\/wp-content\/uploads\/2023\/10\/williams.jpg",911,611,false],"portraits":["https:\/\/prodelcobre.cl\/nueva\/wp-content\/uploads\/2023\/10\/williams.jpg",911,611,false],"thumbnail":["https:\/\/prodelcobre.cl\/nueva\/wp-content\/uploads\/2023\/10\/williams-150x150.jpg",150,150,true],"medium":["https:\/\/prodelcobre.cl\/nueva\/wp-content\/uploads\/2023\/10\/williams.jpg",911,611,false],"large":["https:\/\/prodelcobre.cl\/nueva\/wp-content\/uploads\/2023\/10\/williams.jpg",911,611,false],"1536x1536":["https:\/\/prodelcobre.cl\/nueva\/wp-content\/uploads\/2023\/10\/williams.jpg",911,611,false],"2048x2048":["https:\/\/prodelcobre.cl\/nueva\/wp-content\/uploads\/2023\/10\/williams.jpg",911,611,false],"morenews-featured":["https:\/\/prodelcobre.cl\/nueva\/wp-content\/uploads\/2023\/10\/williams.jpg",911,611,false],"morenews-large":["https:\/\/prodelcobre.cl\/nueva\/wp-content\/uploads\/2023\/10\/williams-825x575.jpg",825,575,true],"morenews-medium":["https:\/\/prodelcobre.cl\/nueva\/wp-content\/uploads\/2023\/10\/williams-590x410.jpg",590,410,true],"psacp-medium":["https:\/\/prodelcobre.cl\/nueva\/wp-content\/uploads\/2023\/10\/williams.jpg",500,335,false]},"rttpg_author":{"display_name":"Francisco P\u00e9rez Alvi\u00e1rez","author_link":"https:\/\/prodelcobre.cl\/nueva\/author\/fperez\/"},"rttpg_comment":0,"rttpg_category":"<a href=\"https:\/\/prodelcobre.cl\/nueva\/category\/chile\/\" rel=\"category tag\">Chile<\/a> <a href=\"https:\/\/prodelcobre.cl\/nueva\/category\/noticias\/\" rel=\"category tag\">Noticias<\/a>","rttpg_excerpt":"La ministra de Miner\u00eda se encuentra liderando la presencia chilena en Londres con el objetivo de potenciar la","_links":{"self":[{"href":"https:\/\/prodelcobre.cl\/nueva\/wp-json\/wp\/v2\/posts\/9190","targetHints":{"allow":["GET"]}}],"collection":[{"href":"https:\/\/prodelcobre.cl\/nueva\/wp-json\/wp\/v2\/posts"}],"about":[{"href":"https:\/\/prodelcobre.cl\/nueva\/wp-json\/wp\/v2\/types\/post"}],"author":[{"embeddable":true,"href":"https:\/\/prodelcobre.cl\/nueva\/wp-json\/wp\/v2\/users\/3"}],"replies":[{"embeddable":true,"href":"https:\/\/prodelcobre.cl\/nueva\/wp-json\/wp\/v2\/comments?post=9190"}],"version-history":[{"count":1,"href":"https:\/\/prodelcobre.cl\/nueva\/wp-json\/wp\/v2\/posts\/9190\/revisions"}],"predecessor-version":[{"id":9192,"href":"https:\/\/prodelcobre.cl\/nueva\/wp-json\/wp\/v2\/posts\/9190\/revisions\/9192"}],"wp:featuredmedia":[{"embeddable":true,"href":"https:\/\/prodelcobre.cl\/nueva\/wp-json\/wp\/v2\/media\/9191"}],"wp:attachment":[{"href":"https:\/\/prodelcobre.cl\/nueva\/wp-json\/wp\/v2\/media?parent=9190"}],"wp:term":[{"taxonomy":"category","embeddable":true,"href":"https:\/\/prodelcobre.cl\/nueva\/wp-json\/wp\/v2\/categories?post=9190"},{"taxonomy":"post_tag","embeddable":true,"href":"https:\/\/prodelcobre.cl\/nueva\/wp-json\/wp\/v2\/tags?post=9190"}],"curies":[{"name":"wp","href":"https:\/\/api.w.org\/{rel}","templated":true}]}}