{"id":9195,"date":"2023-10-12T08:57:43","date_gmt":"2023-10-12T11:57:43","guid":{"rendered":"https:\/\/prodelcobre.cl\/nueva\/?p=9195"},"modified":"2023-10-12T08:57:44","modified_gmt":"2023-10-12T11:57:44","slug":"ministerio-de-mineria-inicio-talleres-para-estudiar-y-modificar-la-regulacion-de-depositos-de-relaves","status":"publish","type":"post","link":"https:\/\/prodelcobre.cl\/nueva\/ministerio-de-mineria-inicio-talleres-para-estudiar-y-modificar-la-regulacion-de-depositos-de-relaves\/","title":{"rendered":"Ministerio de Miner\u00eda inici\u00f3 talleres para estudiar y modificar la regulaci\u00f3n de dep\u00f3sitos de relaves"},"content":{"rendered":"\n<h2 class=\"wp-block-heading\">La subsecretaria de Miner\u00eda dio inicio al cliclo de talleres para convocar expertos en el \u00e1rea que permitan definir mejoras a la normativa vigente.<\/h2>\n\n\n\n<p class=\"has-medium-font-size\">Suina Chahu\u00e1n, susbsecretaria de Miner\u00eda, abri\u00f3 una serie de talleres con los que el ministerio quiere avanzar para modificar la actual regulaci\u00f3n de dep\u00f3sitos de relaves en el pa\u00eds. La iniciativa se trata de un trabajo colaborativo con personas expertas, pertenecientes al mundo acad\u00e9mico y a la industria, que han sido convocados para levantar criterios que permitan mejorar la normativa vigente en esta materia.<\/p>\n\n\n\n<p class=\"has-medium-font-size\">Chahu\u00e1n expres\u00f3 el compromiso del gobierno en torno a la gesti\u00f3n sostenible de los pasivos ambientales en la industria y puntualiz\u00f3 que \u201ctenemos plena convicci\u00f3n de que es mediante el trabajo intersectorial, con la opini\u00f3n de expertos y expertas, que se puede avanzar en una base t\u00e9cnica robusta y elevar los est\u00e1ndares de nuestra normativa. De esta manera podemos construir una industria minera que sea m\u00e1s sostenible no solamente en t\u00e9rminos econ\u00f3micos, sino que tambi\u00e9n ambientales y sociales\u201d.<\/p>\n\n\n\n<p class=\"has-medium-font-size\">Los talleres para trabajar en la modificaci\u00f3n de la regulaci\u00f3n de dep\u00f3sitos de relaves se realizar\u00e1n durante el mes de octubre y forman parte de un conjunto de actividades asociadas, que estar\u00e1n lideradas por el ministerio de Miner\u00eda y Sernageomin.<\/p>\n","protected":false},"excerpt":{"rendered":"<p>La subsecretaria de Miner\u00eda dio inicio al cliclo de talleres para convocar expertos en el \u00e1rea que permitan<\/p>\n","protected":false},"author":3,"featured_media":5956,"comment_status":"closed","ping_status":"closed","sticky":false,"template":"","format":"standard","meta":{"footnotes":""},"categories":[51,52],"tags":[89,443],"class_list":["post-9195","post","type-post","status-publish","format-standard","has-post-thumbnail","hentry","category-chile","category-noticias","tag-mineria-4","tag-relave"],"rttpg_featured_image_url":{"full":["https:\/\/prodelcobre.cl\/nueva\/wp-content\/uploads\/2022\/07\/Relave-minero.png",899,601,false],"landscape":["https:\/\/prodelcobre.cl\/nueva\/wp-content\/uploads\/2022\/07\/Relave-minero.png",899,601,false],"portraits":["https:\/\/prodelcobre.cl\/nueva\/wp-content\/uploads\/2022\/07\/Relave-minero.png",899,601,false],"thumbnail":["https:\/\/prodelcobre.cl\/nueva\/wp-content\/uploads\/2022\/07\/Relave-minero-150x150.png",150,150,true],"medium":["https:\/\/prodelcobre.cl\/nueva\/wp-content\/uploads\/2022\/07\/Relave-minero.png",899,601,false],"large":["https:\/\/prodelcobre.cl\/nueva\/wp-content\/uploads\/2022\/07\/Relave-minero.png",899,601,false],"1536x1536":["https:\/\/prodelcobre.cl\/nueva\/wp-content\/uploads\/2022\/07\/Relave-minero.png",899,601,false],"2048x2048":["https:\/\/prodelcobre.cl\/nueva\/wp-content\/uploads\/2022\/07\/Relave-minero.png",899,601,false],"morenews-featured":["https:\/\/prodelcobre.cl\/nueva\/wp-content\/uploads\/2022\/07\/Relave-minero.png",899,601,false],"morenews-large":["https:\/\/prodelcobre.cl\/nueva\/wp-content\/uploads\/2022\/07\/Relave-minero.png",825,552,false],"morenews-medium":["https:\/\/prodelcobre.cl\/nueva\/wp-content\/uploads\/2022\/07\/Relave-minero.png",590,394,false],"psacp-medium":["https:\/\/prodelcobre.cl\/nueva\/wp-content\/uploads\/2022\/07\/Relave-minero.png",500,334,false]},"rttpg_author":{"display_name":"Francisco P\u00e9rez Alvi\u00e1rez","author_link":"https:\/\/prodelcobre.cl\/nueva\/author\/fperez\/"},"rttpg_comment":0,"rttpg_category":"<a href=\"https:\/\/prodelcobre.cl\/nueva\/category\/chile\/\" rel=\"category tag\">Chile<\/a> <a href=\"https:\/\/prodelcobre.cl\/nueva\/category\/noticias\/\" rel=\"category tag\">Noticias<\/a>","rttpg_excerpt":"La subsecretaria de Miner\u00eda dio inicio al cliclo de talleres para convocar expertos en el \u00e1rea que permitan","_links":{"self":[{"href":"https:\/\/prodelcobre.cl\/nueva\/wp-json\/wp\/v2\/posts\/9195","targetHints":{"allow":["GET"]}}],"collection":[{"href":"https:\/\/prodelcobre.cl\/nueva\/wp-json\/wp\/v2\/posts"}],"about":[{"href":"https:\/\/prodelcobre.cl\/nueva\/wp-json\/wp\/v2\/types\/post"}],"author":[{"embeddable":true,"href":"https:\/\/prodelcobre.cl\/nueva\/wp-json\/wp\/v2\/users\/3"}],"replies":[{"embeddable":true,"href":"https:\/\/prodelcobre.cl\/nueva\/wp-json\/wp\/v2\/comments?post=9195"}],"version-history":[{"count":1,"href":"https:\/\/prodelcobre.cl\/nueva\/wp-json\/wp\/v2\/posts\/9195\/revisions"}],"predecessor-version":[{"id":9196,"href":"https:\/\/prodelcobre.cl\/nueva\/wp-json\/wp\/v2\/posts\/9195\/revisions\/9196"}],"wp:featuredmedia":[{"embeddable":true,"href":"https:\/\/prodelcobre.cl\/nueva\/wp-json\/wp\/v2\/media\/5956"}],"wp:attachment":[{"href":"https:\/\/prodelcobre.cl\/nueva\/wp-json\/wp\/v2\/media?parent=9195"}],"wp:term":[{"taxonomy":"category","embeddable":true,"href":"https:\/\/prodelcobre.cl\/nueva\/wp-json\/wp\/v2\/categories?post=9195"},{"taxonomy":"post_tag","embeddable":true,"href":"https:\/\/prodelcobre.cl\/nueva\/wp-json\/wp\/v2\/tags?post=9195"}],"curies":[{"name":"wp","href":"https:\/\/api.w.org\/{rel}","templated":true}]}}