{"id":9197,"date":"2023-10-12T12:08:19","date_gmt":"2023-10-12T15:08:19","guid":{"rendered":"https:\/\/prodelcobre.cl\/nueva\/?p=9197"},"modified":"2023-10-12T12:08:20","modified_gmt":"2023-10-12T15:08:20","slug":"pampa-camarones-postergo-su-apertura-en-bolsa-via-scalex","status":"publish","type":"post","link":"https:\/\/prodelcobre.cl\/nueva\/pampa-camarones-postergo-su-apertura-en-bolsa-via-scalex\/","title":{"rendered":"Pampa Camarones posterg\u00f3 su apertura en bolsa v\u00eda ScaleX"},"content":{"rendered":"\n<h2 class=\"wp-block-heading\">La operaci\u00f3n suspendida hab\u00eda suscitado un gran inter\u00e9s entre inversionistas internacionales y locales, as\u00ed como actores importantes del mundo institucional y Family Offices.<\/h2>\n\n\n\n<p class=\"has-medium-font-size\">Pampa Camarones, empresa controlada por Miner\u00eda Activa, decidi\u00f3 aplazar la apertura en bolsa del 9% de su propiedad debido a nueva informaci\u00f3n relevante que proyecta de manera m\u00e1s positiva el valor del activo.<\/p>\n\n\n\n<p class=\"has-medium-font-size\">La compa\u00f1\u00eda recibi\u00f3 la aprobaci\u00f3n para una audiencia p\u00fablica para el consentimiento de una Declaraci\u00f3n de Impacto Ambiental (DIA) presentada por la minera, con la cual se da pie a un aumento de producci\u00f3n de cobre de m\u00e1s del 40%.<\/p>\n\n\n\n<p class=\"has-medium-font-size\">La operaci\u00f3n, que ten\u00eda como objetivo recaudar US$ 7 millones, hab\u00eda completado todos los pasos para llevarse a cabo esta semana y hab\u00eda suscitado un gran inter\u00e9s entre inversionistas internacionales y locales, as\u00ed como actores importantes del mundo institucional y Family Offices.<\/p>\n","protected":false},"excerpt":{"rendered":"<p>La operaci\u00f3n suspendida hab\u00eda suscitado un gran inter\u00e9s entre inversionistas internacionales y locales, as\u00ed como actores importantes del<\/p>\n","protected":false},"author":3,"featured_media":4343,"comment_status":"closed","ping_status":"closed","sticky":false,"template":"","format":"standard","meta":{"footnotes":""},"categories":[51,52],"tags":[89],"class_list":["post-9197","post","type-post","status-publish","format-standard","has-post-thumbnail","hentry","category-chile","category-noticias","tag-mineria-4"],"rttpg_featured_image_url":{"full":["https:\/\/prodelcobre.cl\/nueva\/wp-content\/uploads\/2021\/08\/ECONOMIA.jpg",1920,1051,false],"landscape":["https:\/\/prodelcobre.cl\/nueva\/wp-content\/uploads\/2021\/08\/ECONOMIA.jpg",1920,1051,false],"portraits":["https:\/\/prodelcobre.cl\/nueva\/wp-content\/uploads\/2021\/08\/ECONOMIA.jpg",1920,1051,false],"thumbnail":["https:\/\/prodelcobre.cl\/nueva\/wp-content\/uploads\/2021\/08\/ECONOMIA-150x150.jpg",150,150,true],"medium":["https:\/\/prodelcobre.cl\/nueva\/wp-content\/uploads\/2021\/08\/ECONOMIA.jpg",1920,1051,false],"large":["https:\/\/prodelcobre.cl\/nueva\/wp-content\/uploads\/2021\/08\/ECONOMIA.jpg",1920,1051,false],"1536x1536":["https:\/\/prodelcobre.cl\/nueva\/wp-content\/uploads\/2021\/08\/ECONOMIA-1536x841.jpg",1536,841,true],"2048x2048":["https:\/\/prodelcobre.cl\/nueva\/wp-content\/uploads\/2021\/08\/ECONOMIA.jpg",1920,1051,false],"morenews-featured":["https:\/\/prodelcobre.cl\/nueva\/wp-content\/uploads\/2021\/08\/ECONOMIA.jpg",1024,561,false],"morenews-large":["https:\/\/prodelcobre.cl\/nueva\/wp-content\/uploads\/2021\/08\/ECONOMIA.jpg",825,452,false],"morenews-medium":["https:\/\/prodelcobre.cl\/nueva\/wp-content\/uploads\/2021\/08\/ECONOMIA.jpg",590,323,false],"psacp-medium":["https:\/\/prodelcobre.cl\/nueva\/wp-content\/uploads\/2021\/08\/ECONOMIA.jpg",500,274,false]},"rttpg_author":{"display_name":"Francisco P\u00e9rez Alvi\u00e1rez","author_link":"https:\/\/prodelcobre.cl\/nueva\/author\/fperez\/"},"rttpg_comment":0,"rttpg_category":"<a href=\"https:\/\/prodelcobre.cl\/nueva\/category\/chile\/\" rel=\"category tag\">Chile<\/a> <a href=\"https:\/\/prodelcobre.cl\/nueva\/category\/noticias\/\" rel=\"category tag\">Noticias<\/a>","rttpg_excerpt":"La operaci\u00f3n suspendida hab\u00eda suscitado un gran inter\u00e9s entre inversionistas internacionales y locales, as\u00ed como actores importantes del","_links":{"self":[{"href":"https:\/\/prodelcobre.cl\/nueva\/wp-json\/wp\/v2\/posts\/9197","targetHints":{"allow":["GET"]}}],"collection":[{"href":"https:\/\/prodelcobre.cl\/nueva\/wp-json\/wp\/v2\/posts"}],"about":[{"href":"https:\/\/prodelcobre.cl\/nueva\/wp-json\/wp\/v2\/types\/post"}],"author":[{"embeddable":true,"href":"https:\/\/prodelcobre.cl\/nueva\/wp-json\/wp\/v2\/users\/3"}],"replies":[{"embeddable":true,"href":"https:\/\/prodelcobre.cl\/nueva\/wp-json\/wp\/v2\/comments?post=9197"}],"version-history":[{"count":1,"href":"https:\/\/prodelcobre.cl\/nueva\/wp-json\/wp\/v2\/posts\/9197\/revisions"}],"predecessor-version":[{"id":9198,"href":"https:\/\/prodelcobre.cl\/nueva\/wp-json\/wp\/v2\/posts\/9197\/revisions\/9198"}],"wp:featuredmedia":[{"embeddable":true,"href":"https:\/\/prodelcobre.cl\/nueva\/wp-json\/wp\/v2\/media\/4343"}],"wp:attachment":[{"href":"https:\/\/prodelcobre.cl\/nueva\/wp-json\/wp\/v2\/media?parent=9197"}],"wp:term":[{"taxonomy":"category","embeddable":true,"href":"https:\/\/prodelcobre.cl\/nueva\/wp-json\/wp\/v2\/categories?post=9197"},{"taxonomy":"post_tag","embeddable":true,"href":"https:\/\/prodelcobre.cl\/nueva\/wp-json\/wp\/v2\/tags?post=9197"}],"curies":[{"name":"wp","href":"https:\/\/api.w.org\/{rel}","templated":true}]}}