{"id":9199,"date":"2023-10-12T12:13:14","date_gmt":"2023-10-12T15:13:14","guid":{"rendered":"https:\/\/prodelcobre.cl\/nueva\/?p=9199"},"modified":"2023-10-12T12:13:15","modified_gmt":"2023-10-12T15:13:15","slug":"el-teniente-inicio-reciclaje-y-valorizacion-de-6-400-toneladas-de-nfu","status":"publish","type":"post","link":"https:\/\/prodelcobre.cl\/nueva\/el-teniente-inicio-reciclaje-y-valorizacion-de-6-400-toneladas-de-nfu\/","title":{"rendered":"El Teniente inici\u00f3 reciclaje y valorizaci\u00f3n de 6.400 toneladas de NFU"},"content":{"rendered":"\n<h2 class=\"wp-block-heading\">El proceso, que est\u00e1 planificado para un per\u00edodo de 5 a\u00f1os, comenz\u00f3 el 27 de septiembre reci\u00e9n pasado y&nbsp;transforma el residuo en materias primas para otros procesos productivos.<\/h2>\n\n\n\n<p class=\"has-medium-font-size\">El Teniente de Codelco inic\u00f3 la valorizaci\u00f3n de <strong>6.400 toneladas de Neum\u00e1ticos Fuera de Uso (NFU)&nbsp;<\/strong>que son tratados en la planta de la empresa Arrigoni Ambiental, en San Francisco de Mostazal. La medida se da para potenciar la econom\u00eda circular en el marco de la ley N \u00b020.920 de Reciclaje y Responsabilidad Extendida del Productor (REP).<\/p>\n\n\n\n<p class=\"has-medium-font-size\">El proceso, que est\u00e1 planificado para un per\u00edodo de 5 a\u00f1os, comenz\u00f3 el 27 de septiembre reci\u00e9n pasado y&nbsp;<strong>transforma el residuo en materias primas para otros procesos productivos.&nbsp;<\/strong>Durante 2023 est\u00e1 contemplado el trozado, cargo y traslado de 806 toneladas.<\/p>\n\n\n\n<p class=\"has-medium-font-size\">Las metas REP de neum\u00e1ticos comenzaron a regir el 20 de Enero de 2023. Desde esta fecha, todos los productores \u2013 que, seg\u00fan la Ley,&nbsp;<strong>incluye a todos los importadores de neum\u00e1ticos, tanto de reposici\u00f3n como en autos nuevos<\/strong>&nbsp;\u2013 deben estar adheridos a un sistema de gesti\u00f3n para dar cumplimiento a las metas y las obligaciones asociadas.&nbsp;<\/p>\n","protected":false},"excerpt":{"rendered":"<p>El proceso, que est\u00e1 planificado para un per\u00edodo de 5 a\u00f1os, comenz\u00f3 el 27 de septiembre reci\u00e9n pasado<\/p>\n","protected":false},"author":3,"featured_media":4704,"comment_status":"closed","ping_status":"closed","sticky":false,"template":"","format":"standard","meta":{"footnotes":""},"categories":[51,52],"tags":[320],"class_list":["post-9199","post","type-post","status-publish","format-standard","has-post-thumbnail","hentry","category-chile","category-noticias","tag-elteniente"],"rttpg_featured_image_url":{"full":["https:\/\/prodelcobre.cl\/nueva\/wp-content\/uploads\/2022\/02\/el-teniente-automine-1479695496-rszww880-90.jpg",880,587,false],"landscape":["https:\/\/prodelcobre.cl\/nueva\/wp-content\/uploads\/2022\/02\/el-teniente-automine-1479695496-rszww880-90.jpg",880,587,false],"portraits":["https:\/\/prodelcobre.cl\/nueva\/wp-content\/uploads\/2022\/02\/el-teniente-automine-1479695496-rszww880-90.jpg",880,587,false],"thumbnail":["https:\/\/prodelcobre.cl\/nueva\/wp-content\/uploads\/2022\/02\/el-teniente-automine-1479695496-rszww880-90-150x150.jpg",150,150,true],"medium":["https:\/\/prodelcobre.cl\/nueva\/wp-content\/uploads\/2022\/02\/el-teniente-automine-1479695496-rszww880-90.jpg",880,587,false],"large":["https:\/\/prodelcobre.cl\/nueva\/wp-content\/uploads\/2022\/02\/el-teniente-automine-1479695496-rszww880-90.jpg",880,587,false],"1536x1536":["https:\/\/prodelcobre.cl\/nueva\/wp-content\/uploads\/2022\/02\/el-teniente-automine-1479695496-rszww880-90.jpg",880,587,false],"2048x2048":["https:\/\/prodelcobre.cl\/nueva\/wp-content\/uploads\/2022\/02\/el-teniente-automine-1479695496-rszww880-90.jpg",880,587,false],"morenews-featured":["https:\/\/prodelcobre.cl\/nueva\/wp-content\/uploads\/2022\/02\/el-teniente-automine-1479695496-rszww880-90.jpg",880,587,false],"morenews-large":["https:\/\/prodelcobre.cl\/nueva\/wp-content\/uploads\/2022\/02\/el-teniente-automine-1479695496-rszww880-90.jpg",825,550,false],"morenews-medium":["https:\/\/prodelcobre.cl\/nueva\/wp-content\/uploads\/2022\/02\/el-teniente-automine-1479695496-rszww880-90.jpg",590,394,false],"psacp-medium":["https:\/\/prodelcobre.cl\/nueva\/wp-content\/uploads\/2022\/02\/el-teniente-automine-1479695496-rszww880-90.jpg",500,334,false]},"rttpg_author":{"display_name":"Francisco P\u00e9rez Alvi\u00e1rez","author_link":"https:\/\/prodelcobre.cl\/nueva\/author\/fperez\/"},"rttpg_comment":0,"rttpg_category":"<a href=\"https:\/\/prodelcobre.cl\/nueva\/category\/chile\/\" rel=\"category tag\">Chile<\/a> <a href=\"https:\/\/prodelcobre.cl\/nueva\/category\/noticias\/\" rel=\"category tag\">Noticias<\/a>","rttpg_excerpt":"El proceso, que est\u00e1 planificado para un per\u00edodo de 5 a\u00f1os, comenz\u00f3 el 27 de septiembre reci\u00e9n pasado","_links":{"self":[{"href":"https:\/\/prodelcobre.cl\/nueva\/wp-json\/wp\/v2\/posts\/9199","targetHints":{"allow":["GET"]}}],"collection":[{"href":"https:\/\/prodelcobre.cl\/nueva\/wp-json\/wp\/v2\/posts"}],"about":[{"href":"https:\/\/prodelcobre.cl\/nueva\/wp-json\/wp\/v2\/types\/post"}],"author":[{"embeddable":true,"href":"https:\/\/prodelcobre.cl\/nueva\/wp-json\/wp\/v2\/users\/3"}],"replies":[{"embeddable":true,"href":"https:\/\/prodelcobre.cl\/nueva\/wp-json\/wp\/v2\/comments?post=9199"}],"version-history":[{"count":1,"href":"https:\/\/prodelcobre.cl\/nueva\/wp-json\/wp\/v2\/posts\/9199\/revisions"}],"predecessor-version":[{"id":9200,"href":"https:\/\/prodelcobre.cl\/nueva\/wp-json\/wp\/v2\/posts\/9199\/revisions\/9200"}],"wp:featuredmedia":[{"embeddable":true,"href":"https:\/\/prodelcobre.cl\/nueva\/wp-json\/wp\/v2\/media\/4704"}],"wp:attachment":[{"href":"https:\/\/prodelcobre.cl\/nueva\/wp-json\/wp\/v2\/media?parent=9199"}],"wp:term":[{"taxonomy":"category","embeddable":true,"href":"https:\/\/prodelcobre.cl\/nueva\/wp-json\/wp\/v2\/categories?post=9199"},{"taxonomy":"post_tag","embeddable":true,"href":"https:\/\/prodelcobre.cl\/nueva\/wp-json\/wp\/v2\/tags?post=9199"}],"curies":[{"name":"wp","href":"https:\/\/api.w.org\/{rel}","templated":true}]}}