{"id":9201,"date":"2023-10-12T18:34:02","date_gmt":"2023-10-12T21:34:02","guid":{"rendered":"https:\/\/prodelcobre.cl\/nueva\/?p=9201"},"modified":"2023-10-12T18:34:03","modified_gmt":"2023-10-12T21:34:03","slug":"mas-de-48-000-colaboradores-de-codelco-y-anglo-american-se-capacitaron-en-seguridad-en-lo-que-va-de-ano","status":"publish","type":"post","link":"https:\/\/prodelcobre.cl\/nueva\/mas-de-48-000-colaboradores-de-codelco-y-anglo-american-se-capacitaron-en-seguridad-en-lo-que-va-de-ano\/","title":{"rendered":"M\u00e1s de 48.000 colaboradores de Codelco y Anglo American se capacitaron en seguridad en lo que va de a\u00f1o"},"content":{"rendered":"\n<h2 class=\"wp-block-heading\">Las cifras que fueron informadas por Mine Class reflejan un compromiso para la educaci\u00f3n en garantizar que los profesionales est\u00e9n debidamente capacitados.<\/h2>\n\n\n\n<p class=\"has-medium-font-size\">En lo que va de 2023 se han capacitado en seguridad un total de <strong>48.319 trabajadores(as) de: Codelco corporativo (34.082), Anglo American (3.526)&nbsp;<\/strong>y la divisi\u00f3n de Vicepresidencia de Proyectos de la cupr\u00edfera estatal (11.311), esto seg\u00fan cifras ofrecidas por la edtech Mine Class.<\/p>\n\n\n\n<p class=\"has-medium-font-size\">Estas cifras se suman a las entregadas en la segunda y \u00faltima versi\u00f3n de la Radiograf\u00eda a la capacitaci\u00f3n online en miner\u00eda que revel\u00f3 que un 16% de las y<strong>&nbsp;los encuestados se capacit\u00f3 online por el proceso de seguridad en faena.&nbsp;<\/strong><\/p>\n\n\n\n<p class=\"has-medium-font-size\"><strong>En los \u00faltimos 10 a\u00f1os, en Chile, la tasa de accidentes mineros ha disminuido en un 75%&nbsp;<\/strong>y la meta establecida es trabajar hacia un futuro sin accidentes en la industria para 2050.<\/p>\n","protected":false},"excerpt":{"rendered":"<p>Las cifras que fueron informadas por Mine Class reflejan un compromiso para la educaci\u00f3n en garantizar que los<\/p>\n","protected":false},"author":3,"featured_media":6182,"comment_status":"closed","ping_status":"closed","sticky":false,"template":"","format":"standard","meta":{"footnotes":""},"categories":[51,52],"tags":[89],"class_list":["post-9201","post","type-post","status-publish","format-standard","has-post-thumbnail","hentry","category-chile","category-noticias","tag-mineria-4"],"rttpg_featured_image_url":{"full":["https:\/\/prodelcobre.cl\/nueva\/wp-content\/uploads\/2022\/08\/Minero-Freepik.jpg",525,350,false],"landscape":["https:\/\/prodelcobre.cl\/nueva\/wp-content\/uploads\/2022\/08\/Minero-Freepik.jpg",525,350,false],"portraits":["https:\/\/prodelcobre.cl\/nueva\/wp-content\/uploads\/2022\/08\/Minero-Freepik.jpg",525,350,false],"thumbnail":["https:\/\/prodelcobre.cl\/nueva\/wp-content\/uploads\/2022\/08\/Minero-Freepik-150x150.jpg",150,150,true],"medium":["https:\/\/prodelcobre.cl\/nueva\/wp-content\/uploads\/2022\/08\/Minero-Freepik.jpg",525,350,false],"large":["https:\/\/prodelcobre.cl\/nueva\/wp-content\/uploads\/2022\/08\/Minero-Freepik.jpg",525,350,false],"1536x1536":["https:\/\/prodelcobre.cl\/nueva\/wp-content\/uploads\/2022\/08\/Minero-Freepik.jpg",525,350,false],"2048x2048":["https:\/\/prodelcobre.cl\/nueva\/wp-content\/uploads\/2022\/08\/Minero-Freepik.jpg",525,350,false],"morenews-featured":["https:\/\/prodelcobre.cl\/nueva\/wp-content\/uploads\/2022\/08\/Minero-Freepik.jpg",525,350,false],"morenews-large":["https:\/\/prodelcobre.cl\/nueva\/wp-content\/uploads\/2022\/08\/Minero-Freepik.jpg",525,350,false],"morenews-medium":["https:\/\/prodelcobre.cl\/nueva\/wp-content\/uploads\/2022\/08\/Minero-Freepik.jpg",525,350,false],"psacp-medium":["https:\/\/prodelcobre.cl\/nueva\/wp-content\/uploads\/2022\/08\/Minero-Freepik.jpg",500,333,false]},"rttpg_author":{"display_name":"Francisco P\u00e9rez Alvi\u00e1rez","author_link":"https:\/\/prodelcobre.cl\/nueva\/author\/fperez\/"},"rttpg_comment":0,"rttpg_category":"<a href=\"https:\/\/prodelcobre.cl\/nueva\/category\/chile\/\" rel=\"category tag\">Chile<\/a> <a href=\"https:\/\/prodelcobre.cl\/nueva\/category\/noticias\/\" rel=\"category tag\">Noticias<\/a>","rttpg_excerpt":"Las cifras que fueron informadas por Mine Class reflejan un compromiso para la educaci\u00f3n en garantizar que los","_links":{"self":[{"href":"https:\/\/prodelcobre.cl\/nueva\/wp-json\/wp\/v2\/posts\/9201","targetHints":{"allow":["GET"]}}],"collection":[{"href":"https:\/\/prodelcobre.cl\/nueva\/wp-json\/wp\/v2\/posts"}],"about":[{"href":"https:\/\/prodelcobre.cl\/nueva\/wp-json\/wp\/v2\/types\/post"}],"author":[{"embeddable":true,"href":"https:\/\/prodelcobre.cl\/nueva\/wp-json\/wp\/v2\/users\/3"}],"replies":[{"embeddable":true,"href":"https:\/\/prodelcobre.cl\/nueva\/wp-json\/wp\/v2\/comments?post=9201"}],"version-history":[{"count":1,"href":"https:\/\/prodelcobre.cl\/nueva\/wp-json\/wp\/v2\/posts\/9201\/revisions"}],"predecessor-version":[{"id":9202,"href":"https:\/\/prodelcobre.cl\/nueva\/wp-json\/wp\/v2\/posts\/9201\/revisions\/9202"}],"wp:featuredmedia":[{"embeddable":true,"href":"https:\/\/prodelcobre.cl\/nueva\/wp-json\/wp\/v2\/media\/6182"}],"wp:attachment":[{"href":"https:\/\/prodelcobre.cl\/nueva\/wp-json\/wp\/v2\/media?parent=9201"}],"wp:term":[{"taxonomy":"category","embeddable":true,"href":"https:\/\/prodelcobre.cl\/nueva\/wp-json\/wp\/v2\/categories?post=9201"},{"taxonomy":"post_tag","embeddable":true,"href":"https:\/\/prodelcobre.cl\/nueva\/wp-json\/wp\/v2\/tags?post=9201"}],"curies":[{"name":"wp","href":"https:\/\/api.w.org\/{rel}","templated":true}]}}