{"id":9205,"date":"2023-10-13T10:20:50","date_gmt":"2023-10-13T13:20:50","guid":{"rendered":"https:\/\/prodelcobre.cl\/nueva\/?p=9205"},"modified":"2023-10-13T10:20:51","modified_gmt":"2023-10-13T13:20:51","slug":"delegado-presidencial-para-gestion-de-crisis-visito-el-complejo-ventanas","status":"publish","type":"post","link":"https:\/\/prodelcobre.cl\/nueva\/delegado-presidencial-para-gestion-de-crisis-visito-el-complejo-ventanas\/","title":{"rendered":"Delegado Presidencial para Gesti\u00f3n de Crisis visit\u00f3 el Complejo Ventanas"},"content":{"rendered":"\n<h2 class=\"wp-block-heading\">La autoridad recibi\u00f3 una completa exposici\u00f3n del proceso de generaci\u00f3n de energ\u00eda; de las inversiones que AES Chile ha efectuado en materia de mejoramiento ambiental y descarbonizaci\u00f3n.<\/h2>\n\n\n\n<p class=\"has-medium-font-size\">Alejandro Villa, Delegado Presidencial para la Gesti\u00f3n de la Crisis Socio-Ambiental de Conc\u00f3n, Quintero y Puchuncav\u00ed, visit\u00f3 el Complejo Ventanas para conocer en terreno la operaci\u00f3n de las cuatro unidades termoel\u00e9ctricas.<\/p>\n\n\n\n<p class=\"has-medium-font-size\">Villa tambi\u00e9n recorri\u00f3 las instalaciones del complejo y calific\u00f3 la visita como \u201cmuy ilustrativa, ya que da cuenta de los distintos avances que est\u00e1 desarrollando la planta\u201d. La compa\u00f1\u00eda dej\u00f3 de operar la Unidad 1 de Ventanas el 29 de diciembre de 2020 y que la Unidad 2 se retirar\u00e1 por completo del Sistema El\u00e9ctrico Nacional en diciembre de este a\u00f1o.<\/p>\n\n\n\n<p class=\"has-medium-font-size\">La autoridad recibi\u00f3 una completa exposici\u00f3n del proceso de generaci\u00f3n de energ\u00eda; de las inversiones que AES Chile ha efectuado en materia de mejoramiento ambiental y descarbonizaci\u00f3n.<\/p>\n","protected":false},"excerpt":{"rendered":"<p>La autoridad recibi\u00f3 una completa exposici\u00f3n del proceso de generaci\u00f3n de energ\u00eda; de las inversiones que AES Chile<\/p>\n","protected":false},"author":3,"featured_media":5904,"comment_status":"closed","ping_status":"closed","sticky":false,"template":"","format":"standard","meta":{"footnotes":""},"categories":[51,59,52],"tags":[90],"class_list":["post-9205","post","type-post","status-publish","format-standard","has-post-thumbnail","hentry","category-chile","category-energia","category-noticias","tag-energia"],"rttpg_featured_image_url":{"full":["https:\/\/prodelcobre.cl\/nueva\/wp-content\/uploads\/2022\/07\/fundicion-ventanas-850x560-1.jpg",850,560,false],"landscape":["https:\/\/prodelcobre.cl\/nueva\/wp-content\/uploads\/2022\/07\/fundicion-ventanas-850x560-1.jpg",850,560,false],"portraits":["https:\/\/prodelcobre.cl\/nueva\/wp-content\/uploads\/2022\/07\/fundicion-ventanas-850x560-1.jpg",850,560,false],"thumbnail":["https:\/\/prodelcobre.cl\/nueva\/wp-content\/uploads\/2022\/07\/fundicion-ventanas-850x560-1-150x150.jpg",150,150,true],"medium":["https:\/\/prodelcobre.cl\/nueva\/wp-content\/uploads\/2022\/07\/fundicion-ventanas-850x560-1.jpg",850,560,false],"large":["https:\/\/prodelcobre.cl\/nueva\/wp-content\/uploads\/2022\/07\/fundicion-ventanas-850x560-1.jpg",850,560,false],"1536x1536":["https:\/\/prodelcobre.cl\/nueva\/wp-content\/uploads\/2022\/07\/fundicion-ventanas-850x560-1.jpg",850,560,false],"2048x2048":["https:\/\/prodelcobre.cl\/nueva\/wp-content\/uploads\/2022\/07\/fundicion-ventanas-850x560-1.jpg",850,560,false],"morenews-featured":["https:\/\/prodelcobre.cl\/nueva\/wp-content\/uploads\/2022\/07\/fundicion-ventanas-850x560-1.jpg",850,560,false],"morenews-large":["https:\/\/prodelcobre.cl\/nueva\/wp-content\/uploads\/2022\/07\/fundicion-ventanas-850x560-1.jpg",825,544,false],"morenews-medium":["https:\/\/prodelcobre.cl\/nueva\/wp-content\/uploads\/2022\/07\/fundicion-ventanas-850x560-1.jpg",590,389,false],"psacp-medium":["https:\/\/prodelcobre.cl\/nueva\/wp-content\/uploads\/2022\/07\/fundicion-ventanas-850x560-1.jpg",500,329,false]},"rttpg_author":{"display_name":"Francisco P\u00e9rez Alvi\u00e1rez","author_link":"https:\/\/prodelcobre.cl\/nueva\/author\/fperez\/"},"rttpg_comment":0,"rttpg_category":"<a href=\"https:\/\/prodelcobre.cl\/nueva\/category\/chile\/\" rel=\"category tag\">Chile<\/a> <a href=\"https:\/\/prodelcobre.cl\/nueva\/category\/energia\/\" rel=\"category tag\">Energ\u00eda<\/a> <a href=\"https:\/\/prodelcobre.cl\/nueva\/category\/noticias\/\" rel=\"category tag\">Noticias<\/a>","rttpg_excerpt":"La autoridad recibi\u00f3 una completa exposici\u00f3n del proceso de generaci\u00f3n de energ\u00eda; de las inversiones que AES Chile","_links":{"self":[{"href":"https:\/\/prodelcobre.cl\/nueva\/wp-json\/wp\/v2\/posts\/9205","targetHints":{"allow":["GET"]}}],"collection":[{"href":"https:\/\/prodelcobre.cl\/nueva\/wp-json\/wp\/v2\/posts"}],"about":[{"href":"https:\/\/prodelcobre.cl\/nueva\/wp-json\/wp\/v2\/types\/post"}],"author":[{"embeddable":true,"href":"https:\/\/prodelcobre.cl\/nueva\/wp-json\/wp\/v2\/users\/3"}],"replies":[{"embeddable":true,"href":"https:\/\/prodelcobre.cl\/nueva\/wp-json\/wp\/v2\/comments?post=9205"}],"version-history":[{"count":1,"href":"https:\/\/prodelcobre.cl\/nueva\/wp-json\/wp\/v2\/posts\/9205\/revisions"}],"predecessor-version":[{"id":9206,"href":"https:\/\/prodelcobre.cl\/nueva\/wp-json\/wp\/v2\/posts\/9205\/revisions\/9206"}],"wp:featuredmedia":[{"embeddable":true,"href":"https:\/\/prodelcobre.cl\/nueva\/wp-json\/wp\/v2\/media\/5904"}],"wp:attachment":[{"href":"https:\/\/prodelcobre.cl\/nueva\/wp-json\/wp\/v2\/media?parent=9205"}],"wp:term":[{"taxonomy":"category","embeddable":true,"href":"https:\/\/prodelcobre.cl\/nueva\/wp-json\/wp\/v2\/categories?post=9205"},{"taxonomy":"post_tag","embeddable":true,"href":"https:\/\/prodelcobre.cl\/nueva\/wp-json\/wp\/v2\/tags?post=9205"}],"curies":[{"name":"wp","href":"https:\/\/api.w.org\/{rel}","templated":true}]}}