{"id":9207,"date":"2023-10-13T11:03:03","date_gmt":"2023-10-13T14:03:03","guid":{"rendered":"https:\/\/prodelcobre.cl\/nueva\/?p=9207"},"modified":"2023-10-13T11:03:04","modified_gmt":"2023-10-13T14:03:04","slug":"pitch-day-del-programa-desarrolla-y-vincula-conto-con-tecnologias-de-empresas-proveedoras-de-la-mineria","status":"publish","type":"post","link":"https:\/\/prodelcobre.cl\/nueva\/pitch-day-del-programa-desarrolla-y-vincula-conto-con-tecnologias-de-empresas-proveedoras-de-la-mineria\/","title":{"rendered":"Pitch Day del programa \u201cDesarrolla y V\u00edncula\u201d cont\u00f3 con tecnolog\u00edas de empresas proveedoras de la miner\u00eda"},"content":{"rendered":"\n<h2 class=\"wp-block-heading\">Las empresas continuar\u00e1n participando de los talleres del programa \u201cDesarrolla y Vincula: Generaci\u00f3n de Capacidades de innovaci\u00f3n y emprendimiento en la Regi\u00f3n\u201d. <\/h2>\n\n\n\n<p class=\"has-medium-font-size\">Desde el 17 al 26 de octubre se llevar\u00e1n a cabo las tem\u00e1ticas relacionadas a proyectos triple impacto-foto sostenible, tama\u00f1o de oportunidad y pricing, pitch de innovaci\u00f3n y pitch para el levantamiento de capital, donde ya se encuentran participando de manera exitosa, las empresas proveedoras de la miner\u00eda mostrando su base tecnol\u00f3gica.<\/p>\n\n\n\n<p class=\"has-medium-font-size\">En el evento financiado por el Gobierno Regional de Antofagasta, participan m\u00e1s de 60 empresas proveedoras mineras de base tecnol\u00f3gica que integran el programa \u201cDesarrolla y Vincula: Generaci\u00f3n de Capacidades de innovaci\u00f3n y emprendimiento en la Regi\u00f3n\u201d, Programa Integrado FIC- R2022, c\u00f3digo BIP 40047117-0.<\/p>\n\n\n\n<p class=\"has-medium-font-size\">La primera tanda de la jornada cont\u00f3 con la presencia de Geominco, Electroram Telecomunicaciones, Robotika Ltda, Plaza Ingenier\u00eda SPA, Cupperquim, OPI Solutions, Atomox, Lavor Miniing Technology, JMM Ingenier\u00eda y Exia Solutions. Mientras que en la \u00faltima parte de la actividad, expusieron Construapp Technology, I&amp;M Ingenier\u00eda y Mantenci\u00f3n. Maestranza Simtexx, Respal Service y Tecel Tecnolog\u00edas El\u00e9ctricas Tapia Aguilera.<\/p>\n","protected":false},"excerpt":{"rendered":"<p>Las empresas continuar\u00e1n participando de los talleres del programa \u201cDesarrolla y Vincula: Generaci\u00f3n de Capacidades de innovaci\u00f3n y<\/p>\n","protected":false},"author":3,"featured_media":6182,"comment_status":"closed","ping_status":"closed","sticky":false,"template":"","format":"standard","meta":{"footnotes":""},"categories":[51,52],"tags":[89],"class_list":["post-9207","post","type-post","status-publish","format-standard","has-post-thumbnail","hentry","category-chile","category-noticias","tag-mineria-4"],"rttpg_featured_image_url":{"full":["https:\/\/prodelcobre.cl\/nueva\/wp-content\/uploads\/2022\/08\/Minero-Freepik.jpg",525,350,false],"landscape":["https:\/\/prodelcobre.cl\/nueva\/wp-content\/uploads\/2022\/08\/Minero-Freepik.jpg",525,350,false],"portraits":["https:\/\/prodelcobre.cl\/nueva\/wp-content\/uploads\/2022\/08\/Minero-Freepik.jpg",525,350,false],"thumbnail":["https:\/\/prodelcobre.cl\/nueva\/wp-content\/uploads\/2022\/08\/Minero-Freepik-150x150.jpg",150,150,true],"medium":["https:\/\/prodelcobre.cl\/nueva\/wp-content\/uploads\/2022\/08\/Minero-Freepik.jpg",525,350,false],"large":["https:\/\/prodelcobre.cl\/nueva\/wp-content\/uploads\/2022\/08\/Minero-Freepik.jpg",525,350,false],"1536x1536":["https:\/\/prodelcobre.cl\/nueva\/wp-content\/uploads\/2022\/08\/Minero-Freepik.jpg",525,350,false],"2048x2048":["https:\/\/prodelcobre.cl\/nueva\/wp-content\/uploads\/2022\/08\/Minero-Freepik.jpg",525,350,false],"morenews-featured":["https:\/\/prodelcobre.cl\/nueva\/wp-content\/uploads\/2022\/08\/Minero-Freepik.jpg",525,350,false],"morenews-large":["https:\/\/prodelcobre.cl\/nueva\/wp-content\/uploads\/2022\/08\/Minero-Freepik.jpg",525,350,false],"morenews-medium":["https:\/\/prodelcobre.cl\/nueva\/wp-content\/uploads\/2022\/08\/Minero-Freepik.jpg",525,350,false],"psacp-medium":["https:\/\/prodelcobre.cl\/nueva\/wp-content\/uploads\/2022\/08\/Minero-Freepik.jpg",500,333,false]},"rttpg_author":{"display_name":"Francisco P\u00e9rez Alvi\u00e1rez","author_link":"https:\/\/prodelcobre.cl\/nueva\/author\/fperez\/"},"rttpg_comment":0,"rttpg_category":"<a href=\"https:\/\/prodelcobre.cl\/nueva\/category\/chile\/\" rel=\"category tag\">Chile<\/a> <a href=\"https:\/\/prodelcobre.cl\/nueva\/category\/noticias\/\" rel=\"category tag\">Noticias<\/a>","rttpg_excerpt":"Las empresas continuar\u00e1n participando de los talleres del programa \u201cDesarrolla y Vincula: Generaci\u00f3n de Capacidades de innovaci\u00f3n y","_links":{"self":[{"href":"https:\/\/prodelcobre.cl\/nueva\/wp-json\/wp\/v2\/posts\/9207","targetHints":{"allow":["GET"]}}],"collection":[{"href":"https:\/\/prodelcobre.cl\/nueva\/wp-json\/wp\/v2\/posts"}],"about":[{"href":"https:\/\/prodelcobre.cl\/nueva\/wp-json\/wp\/v2\/types\/post"}],"author":[{"embeddable":true,"href":"https:\/\/prodelcobre.cl\/nueva\/wp-json\/wp\/v2\/users\/3"}],"replies":[{"embeddable":true,"href":"https:\/\/prodelcobre.cl\/nueva\/wp-json\/wp\/v2\/comments?post=9207"}],"version-history":[{"count":1,"href":"https:\/\/prodelcobre.cl\/nueva\/wp-json\/wp\/v2\/posts\/9207\/revisions"}],"predecessor-version":[{"id":9208,"href":"https:\/\/prodelcobre.cl\/nueva\/wp-json\/wp\/v2\/posts\/9207\/revisions\/9208"}],"wp:featuredmedia":[{"embeddable":true,"href":"https:\/\/prodelcobre.cl\/nueva\/wp-json\/wp\/v2\/media\/6182"}],"wp:attachment":[{"href":"https:\/\/prodelcobre.cl\/nueva\/wp-json\/wp\/v2\/media?parent=9207"}],"wp:term":[{"taxonomy":"category","embeddable":true,"href":"https:\/\/prodelcobre.cl\/nueva\/wp-json\/wp\/v2\/categories?post=9207"},{"taxonomy":"post_tag","embeddable":true,"href":"https:\/\/prodelcobre.cl\/nueva\/wp-json\/wp\/v2\/tags?post=9207"}],"curies":[{"name":"wp","href":"https:\/\/api.w.org\/{rel}","templated":true}]}}