{"id":9210,"date":"2023-10-16T09:38:24","date_gmt":"2023-10-16T12:38:24","guid":{"rendered":"https:\/\/prodelcobre.cl\/nueva\/?p=9210"},"modified":"2023-10-16T09:59:12","modified_gmt":"2023-10-16T12:59:12","slug":"ministra-williams-abrio-la-puerta-al-proceso-de-dialogos-por-la-estrategia-nacional-del-litio-en-atacama","status":"publish","type":"post","link":"https:\/\/prodelcobre.cl\/nueva\/ministra-williams-abrio-la-puerta-al-proceso-de-dialogos-por-la-estrategia-nacional-del-litio-en-atacama\/","title":{"rendered":"Ministra Williams abri\u00f3 la puerta al proceso de Di\u00e1logos por la Estrategia Nacional del Litio en Atacama"},"content":{"rendered":"\n<h2 class=\"wp-block-heading\">Los Di\u00e1logos por la Estrategia Nacional del Litio se van a llevar, entre octubre y diciembre de este a\u00f1o, en cinco regiones del pa\u00eds: Arica y Parinacota, Tarapac\u00e1, Antofagasta, Atacama y Metropolitana.<\/h2>\n\n\n\n<p class=\"has-medium-font-size\">La ministra de Miner\u00eda, Aurora Williams, abri\u00f3 la puerta al proceso de \u201cDi\u00e1logos por la Estrategia Nacional del Litio\u201d en su visita a la Universidad de Atacama. La medida busca recoger percepciones, inquietudes y propuestas de la ciudadan\u00eda respecto a esta iniciativa de gobierno que busca levantar oportunidades y potenciar el desarrollo de este recurso estrat\u00e9gico para Chile.<\/p>\n\n\n\n<p class=\"has-medium-font-size\">La actividad cont\u00f3 con la presencia del gobernador regional, Miguel Vargas; el delegado presidencial regional, Cristhian Fuentes; el seremi de Miner\u00eda, Carlos Ulloa; el rector de la Universidad de Atacama, Forl\u00edn Aguilera; adem\u00e1s de autoridades regionales, acad\u00e9micos y parlamentarios.<\/p>\n\n\n\n<p class=\"has-medium-font-size\">Los Di\u00e1logos por la Estrategia Nacional del Litio se van a llevar, entre octubre y diciembre de este a\u00f1o, en cinco regiones del pa\u00eds: Arica y Parinacota, Tarapac\u00e1, Antofagasta, Atacama y Metropolitana, y consideran jornadas de conversaci\u00f3n tanto con la sociedad civil como con las comunidades ind\u00edgenas mediante di\u00e1logos particulares en sus territorios.<\/p>\n","protected":false},"excerpt":{"rendered":"<p>Los Di\u00e1logos por la Estrategia Nacional del Litio se van a llevar, entre octubre y diciembre de este<\/p>\n","protected":false},"author":3,"featured_media":9011,"comment_status":"closed","ping_status":"closed","sticky":false,"template":"","format":"standard","meta":{"footnotes":""},"categories":[51,52],"tags":[75],"class_list":["post-9210","post","type-post","status-publish","format-standard","has-post-thumbnail","hentry","category-chile","category-noticias","tag-mineria-3"],"rttpg_featured_image_url":{"full":["https:\/\/prodelcobre.cl\/nueva\/wp-content\/uploads\/2023\/09\/Ministra-williams.jpg",954,453,false],"landscape":["https:\/\/prodelcobre.cl\/nueva\/wp-content\/uploads\/2023\/09\/Ministra-williams.jpg",954,453,false],"portraits":["https:\/\/prodelcobre.cl\/nueva\/wp-content\/uploads\/2023\/09\/Ministra-williams.jpg",954,453,false],"thumbnail":["https:\/\/prodelcobre.cl\/nueva\/wp-content\/uploads\/2023\/09\/Ministra-williams-150x150.jpg",150,150,true],"medium":["https:\/\/prodelcobre.cl\/nueva\/wp-content\/uploads\/2023\/09\/Ministra-williams.jpg",954,453,false],"large":["https:\/\/prodelcobre.cl\/nueva\/wp-content\/uploads\/2023\/09\/Ministra-williams.jpg",954,453,false],"1536x1536":["https:\/\/prodelcobre.cl\/nueva\/wp-content\/uploads\/2023\/09\/Ministra-williams.jpg",954,453,false],"2048x2048":["https:\/\/prodelcobre.cl\/nueva\/wp-content\/uploads\/2023\/09\/Ministra-williams.jpg",954,453,false],"morenews-featured":["https:\/\/prodelcobre.cl\/nueva\/wp-content\/uploads\/2023\/09\/Ministra-williams.jpg",954,453,false],"morenews-large":["https:\/\/prodelcobre.cl\/nueva\/wp-content\/uploads\/2023\/09\/Ministra-williams-825x453.jpg",825,453,true],"morenews-medium":["https:\/\/prodelcobre.cl\/nueva\/wp-content\/uploads\/2023\/09\/Ministra-williams-590x410.jpg",590,410,true],"psacp-medium":["https:\/\/prodelcobre.cl\/nueva\/wp-content\/uploads\/2023\/09\/Ministra-williams.jpg",500,237,false]},"rttpg_author":{"display_name":"Francisco P\u00e9rez Alvi\u00e1rez","author_link":"https:\/\/prodelcobre.cl\/nueva\/author\/fperez\/"},"rttpg_comment":0,"rttpg_category":"<a href=\"https:\/\/prodelcobre.cl\/nueva\/category\/chile\/\" rel=\"category tag\">Chile<\/a> <a href=\"https:\/\/prodelcobre.cl\/nueva\/category\/noticias\/\" rel=\"category tag\">Noticias<\/a>","rttpg_excerpt":"Los Di\u00e1logos por la Estrategia Nacional del Litio se van a llevar, entre octubre y diciembre de este","_links":{"self":[{"href":"https:\/\/prodelcobre.cl\/nueva\/wp-json\/wp\/v2\/posts\/9210","targetHints":{"allow":["GET"]}}],"collection":[{"href":"https:\/\/prodelcobre.cl\/nueva\/wp-json\/wp\/v2\/posts"}],"about":[{"href":"https:\/\/prodelcobre.cl\/nueva\/wp-json\/wp\/v2\/types\/post"}],"author":[{"embeddable":true,"href":"https:\/\/prodelcobre.cl\/nueva\/wp-json\/wp\/v2\/users\/3"}],"replies":[{"embeddable":true,"href":"https:\/\/prodelcobre.cl\/nueva\/wp-json\/wp\/v2\/comments?post=9210"}],"version-history":[{"count":2,"href":"https:\/\/prodelcobre.cl\/nueva\/wp-json\/wp\/v2\/posts\/9210\/revisions"}],"predecessor-version":[{"id":9214,"href":"https:\/\/prodelcobre.cl\/nueva\/wp-json\/wp\/v2\/posts\/9210\/revisions\/9214"}],"wp:featuredmedia":[{"embeddable":true,"href":"https:\/\/prodelcobre.cl\/nueva\/wp-json\/wp\/v2\/media\/9011"}],"wp:attachment":[{"href":"https:\/\/prodelcobre.cl\/nueva\/wp-json\/wp\/v2\/media?parent=9210"}],"wp:term":[{"taxonomy":"category","embeddable":true,"href":"https:\/\/prodelcobre.cl\/nueva\/wp-json\/wp\/v2\/categories?post=9210"},{"taxonomy":"post_tag","embeddable":true,"href":"https:\/\/prodelcobre.cl\/nueva\/wp-json\/wp\/v2\/tags?post=9210"}],"curies":[{"name":"wp","href":"https:\/\/api.w.org\/{rel}","templated":true}]}}