{"id":9212,"date":"2023-10-16T09:56:55","date_gmt":"2023-10-16T12:56:55","guid":{"rendered":"https:\/\/prodelcobre.cl\/nueva\/?p=9212"},"modified":"2023-10-16T09:56:56","modified_gmt":"2023-10-16T12:56:56","slug":"diversos-representantes-mineros-participaron-en-el-foro-chileno-aleman-de-mineria-y-recursos-minerales","status":"publish","type":"post","link":"https:\/\/prodelcobre.cl\/nueva\/diversos-representantes-mineros-participaron-en-el-foro-chileno-aleman-de-mineria-y-recursos-minerales\/","title":{"rendered":"Diversos representantes mineros participaron en el Foro Chileno-Alem\u00e1n de Miner\u00eda y Recursos Minerales"},"content":{"rendered":"\n<h2 class=\"wp-block-heading\">Adem\u00e1s de Berl\u00edn, la delegaci\u00f3n chilena visit\u00f3 las ciudades de D\u00fcsseldorf, Hambach, Hamburgo y Salzgitter, donde conocieron las instalaciones de&nbsp;SMS Group,&nbsp;ThyssenKrupp,&nbsp;RWE,&nbsp;Aurubis&nbsp;y&nbsp;PowerCo (Volkswagen Group).<\/h2>\n\n\n\n<p class=\"has-medium-font-size\">Recientemente se llev\u00f3 a cabo el <strong>Foro Chileno-Alem\u00e1n de Miner\u00eda y Recursos Minerales<\/strong>. El evento fue organizado por el&nbsp;<strong>Centro de Negocios Mineros de AHK Chile<\/strong>&nbsp;con el apoyo del&nbsp;<strong>Ministerio Federal de Econom\u00eda y Protecci\u00f3n del Clima de Alemania y el Ministerio de Miner\u00eda de Chile<\/strong>.<\/p>\n\n\n\n<p class=\"has-medium-font-size\">El evento organizado Centro de Negocios Mineros de AHK Chile, el Ministerio de Miner\u00eda y el Ministerio Federal de Econom\u00eda de Alemania tuvo un especial \u00e9nfasis en el cuidado del medioambiente y en el respeto por las comunidades afectadas por la extracci\u00f3n de minerales.<\/p>\n\n\n\n<p class=\"has-medium-font-size\">El segundo panel gir\u00f3 en torno a<strong>&nbsp;si la miner\u00eda chilena y los intereses de importaci\u00f3n y exportaci\u00f3n de Alemania representan sinergias inherentes.&nbsp;<\/strong>La delegaci\u00f3n chilena visit\u00f3 las ciudades de D\u00fcsseldorf, Hambach, Hamburgo y Salzgitter, donde conocieron las instalaciones de&nbsp;SMS Group,&nbsp;ThyssenKrupp,&nbsp;RWE,&nbsp;Aurubis&nbsp;y&nbsp;PowerCo (Volkswagen Group),&nbsp;<strong>el evento en Berl\u00edn fue el cierre perfecto para una semana llena de aprendizajes, encuentros y construcci\u00f3n de nuevas redes&nbsp;<\/strong>con miras a seguir profundizando la colaboraci\u00f3n en materia minera entre Chile y Alemania.<\/p>\n","protected":false},"excerpt":{"rendered":"<p>Adem\u00e1s de Berl\u00edn, la delegaci\u00f3n chilena visit\u00f3 las ciudades de D\u00fcsseldorf, Hambach, Hamburgo y Salzgitter, donde conocieron las<\/p>\n","protected":false},"author":3,"featured_media":4424,"comment_status":"closed","ping_status":"closed","sticky":false,"template":"","format":"standard","meta":{"footnotes":""},"categories":[51,57,52],"tags":[227,89],"class_list":["post-9212","post","type-post","status-publish","format-standard","has-post-thumbnail","hentry","category-chile","category-internacional","category-noticias","tag-alemania","tag-mineria-4"],"rttpg_featured_image_url":{"full":["https:\/\/prodelcobre.cl\/nueva\/wp-content\/uploads\/2021\/09\/mineria.jpg",1280,856,false],"landscape":["https:\/\/prodelcobre.cl\/nueva\/wp-content\/uploads\/2021\/09\/mineria.jpg",1280,856,false],"portraits":["https:\/\/prodelcobre.cl\/nueva\/wp-content\/uploads\/2021\/09\/mineria.jpg",1280,856,false],"thumbnail":["https:\/\/prodelcobre.cl\/nueva\/wp-content\/uploads\/2021\/09\/mineria-150x150.jpg",150,150,true],"medium":["https:\/\/prodelcobre.cl\/nueva\/wp-content\/uploads\/2021\/09\/mineria.jpg",1280,856,false],"large":["https:\/\/prodelcobre.cl\/nueva\/wp-content\/uploads\/2021\/09\/mineria.jpg",1280,856,false],"1536x1536":["https:\/\/prodelcobre.cl\/nueva\/wp-content\/uploads\/2021\/09\/mineria.jpg",1280,856,false],"2048x2048":["https:\/\/prodelcobre.cl\/nueva\/wp-content\/uploads\/2021\/09\/mineria.jpg",1280,856,false],"morenews-featured":["https:\/\/prodelcobre.cl\/nueva\/wp-content\/uploads\/2021\/09\/mineria.jpg",1024,685,false],"morenews-large":["https:\/\/prodelcobre.cl\/nueva\/wp-content\/uploads\/2021\/09\/mineria.jpg",825,552,false],"morenews-medium":["https:\/\/prodelcobre.cl\/nueva\/wp-content\/uploads\/2021\/09\/mineria.jpg",590,395,false],"psacp-medium":["https:\/\/prodelcobre.cl\/nueva\/wp-content\/uploads\/2021\/09\/mineria.jpg",500,334,false]},"rttpg_author":{"display_name":"Francisco P\u00e9rez Alvi\u00e1rez","author_link":"https:\/\/prodelcobre.cl\/nueva\/author\/fperez\/"},"rttpg_comment":0,"rttpg_category":"<a href=\"https:\/\/prodelcobre.cl\/nueva\/category\/chile\/\" rel=\"category tag\">Chile<\/a> <a href=\"https:\/\/prodelcobre.cl\/nueva\/category\/internacional\/\" rel=\"category tag\">Internacional<\/a> <a href=\"https:\/\/prodelcobre.cl\/nueva\/category\/noticias\/\" rel=\"category tag\">Noticias<\/a>","rttpg_excerpt":"Adem\u00e1s de Berl\u00edn, la delegaci\u00f3n chilena visit\u00f3 las ciudades de D\u00fcsseldorf, Hambach, Hamburgo y Salzgitter, donde conocieron las","_links":{"self":[{"href":"https:\/\/prodelcobre.cl\/nueva\/wp-json\/wp\/v2\/posts\/9212","targetHints":{"allow":["GET"]}}],"collection":[{"href":"https:\/\/prodelcobre.cl\/nueva\/wp-json\/wp\/v2\/posts"}],"about":[{"href":"https:\/\/prodelcobre.cl\/nueva\/wp-json\/wp\/v2\/types\/post"}],"author":[{"embeddable":true,"href":"https:\/\/prodelcobre.cl\/nueva\/wp-json\/wp\/v2\/users\/3"}],"replies":[{"embeddable":true,"href":"https:\/\/prodelcobre.cl\/nueva\/wp-json\/wp\/v2\/comments?post=9212"}],"version-history":[{"count":1,"href":"https:\/\/prodelcobre.cl\/nueva\/wp-json\/wp\/v2\/posts\/9212\/revisions"}],"predecessor-version":[{"id":9213,"href":"https:\/\/prodelcobre.cl\/nueva\/wp-json\/wp\/v2\/posts\/9212\/revisions\/9213"}],"wp:featuredmedia":[{"embeddable":true,"href":"https:\/\/prodelcobre.cl\/nueva\/wp-json\/wp\/v2\/media\/4424"}],"wp:attachment":[{"href":"https:\/\/prodelcobre.cl\/nueva\/wp-json\/wp\/v2\/media?parent=9212"}],"wp:term":[{"taxonomy":"category","embeddable":true,"href":"https:\/\/prodelcobre.cl\/nueva\/wp-json\/wp\/v2\/categories?post=9212"},{"taxonomy":"post_tag","embeddable":true,"href":"https:\/\/prodelcobre.cl\/nueva\/wp-json\/wp\/v2\/tags?post=9212"}],"curies":[{"name":"wp","href":"https:\/\/api.w.org\/{rel}","templated":true}]}}