{"id":9224,"date":"2023-10-17T09:13:25","date_gmt":"2023-10-17T12:13:25","guid":{"rendered":"https:\/\/prodelcobre.cl\/nueva\/?p=9224"},"modified":"2023-10-17T09:13:28","modified_gmt":"2023-10-17T12:13:28","slug":"procemin-geomet-2023-abordo-los-desafios-presentes-y-futuros-en-el-procesamiento-de-minerales-y-geometalurgia","status":"publish","type":"post","link":"https:\/\/prodelcobre.cl\/nueva\/procemin-geomet-2023-abordo-los-desafios-presentes-y-futuros-en-el-procesamiento-de-minerales-y-geometalurgia\/","title":{"rendered":"Procemin-Geomet 2023 abord\u00f3 los desaf\u00edos presentes y futuros en el procesamiento de minerales y geometalurgia"},"content":{"rendered":"\n<h2 class=\"wp-block-heading\">La conferencia cont\u00f3 con m\u00e1s de 400 participantes y cerca de 100 presentaciones de autores de la industria minera nacional e internacional.<\/h2>\n\n\n\n<p class=\"has-medium-font-size\">La&nbsp;<strong>19\u00aa Conferencia Internacional de Procesamiento de Minerales y Geometalurgia&nbsp;<\/strong>desarrollada desde el 4 al 6 de octubre cerr\u00f3 con \u00e9xito luego de la participaci\u00f3n de ejecutivos, profesionales y consultores mineros de 15 pa\u00edses que pudieron compartir y conocer trabajos e investigaciones en materia de procesamiento y geometalurgia. La instancia cont\u00f3 con la organizaci\u00f3n de la Universidad de Concepci\u00f3n, Consorcio HEUMA, SMI-ICE-Chile, Universidad de Queen\u2019s (Canad\u00e1) y Gecamin.<\/p>\n\n\n\n<p class=\"has-medium-font-size\">La&nbsp;<strong>19\u00aa Conferencia Internacional de Procesamiento de Minerales y Geometalurgia<\/strong>&nbsp;cont\u00f3 con la realizaci\u00f3n de charlas plenarias con destacados exponentes de la miner\u00eda nacional e internacional, en la ocasi\u00f3n nos acompa\u00f1aron&nbsp;<strong>Eliana Calder\u00f3n<\/strong>, Gerente General de Plantas, Minera Spence, BHP (Chile);&nbsp;<strong>Sebasti\u00e1n G\u00e1lvez<\/strong>, Gerente de Procesos, Ausenco (Chile);&nbsp;<strong>Marcela Oyarz\u00fan<\/strong>, Directora Corporativa de Geometalurgia, Codelco (Chile);&nbsp;<strong>Marcos Guerrero<\/strong>, Vicepresidente de Procesos, C\u00eda. Minera Do\u00f1a In\u00e9s de Collahuasi (Chile);&nbsp;<strong>Gonzalo Fuster<\/strong>, Ge\u00f3logo Estimador de Recursos, Minera Antucoya, AMSA y Director de la Comisi\u00f3n Calificadora de Competencias en Recursos y Reservas Mineras (Chile);&nbsp;<strong>Alejandro Astudillo<\/strong>, Gerente de Puerto, Minera Los Pelambres, AMSA (Chile); y&nbsp;<strong>Antonio Candia<\/strong>, Metalurgista Senior, Minera Centinela, AMSA (Chile).<\/p>\n\n\n\n<p class=\"has-medium-font-size\">Una parte fundamental de las Conferencias y Congresos de Gecamin es entregar un espacio a estudiantes para presentar investigaciones vinculadas a la industria minera nacional e internacional y en esta ocasi\u00f3n fueron 13 los&nbsp;<em>posters&nbsp;<\/em>con trabajos de universidades y centros de estudios que fueron expuestos en los 3 d\u00edas de la Conferencia.<\/p>\n","protected":false},"excerpt":{"rendered":"<p>La conferencia cont\u00f3 con m\u00e1s de 400 participantes y cerca de 100 presentaciones de autores de la industria<\/p>\n","protected":false},"author":3,"featured_media":9225,"comment_status":"closed","ping_status":"closed","sticky":false,"template":"","format":"standard","meta":{"footnotes":""},"categories":[51,52],"tags":[475],"class_list":["post-9224","post","type-post","status-publish","format-standard","has-post-thumbnail","hentry","category-chile","category-noticias","tag-geomet"],"rttpg_featured_image_url":{"full":["https:\/\/prodelcobre.cl\/nueva\/wp-content\/uploads\/2023\/10\/geomet.jpg",1092,795,false],"landscape":["https:\/\/prodelcobre.cl\/nueva\/wp-content\/uploads\/2023\/10\/geomet.jpg",1092,795,false],"portraits":["https:\/\/prodelcobre.cl\/nueva\/wp-content\/uploads\/2023\/10\/geomet.jpg",1092,795,false],"thumbnail":["https:\/\/prodelcobre.cl\/nueva\/wp-content\/uploads\/2023\/10\/geomet-150x150.jpg",150,150,true],"medium":["https:\/\/prodelcobre.cl\/nueva\/wp-content\/uploads\/2023\/10\/geomet.jpg",1092,795,false],"large":["https:\/\/prodelcobre.cl\/nueva\/wp-content\/uploads\/2023\/10\/geomet.jpg",1092,795,false],"1536x1536":["https:\/\/prodelcobre.cl\/nueva\/wp-content\/uploads\/2023\/10\/geomet.jpg",1092,795,false],"2048x2048":["https:\/\/prodelcobre.cl\/nueva\/wp-content\/uploads\/2023\/10\/geomet.jpg",1092,795,false],"morenews-featured":["https:\/\/prodelcobre.cl\/nueva\/wp-content\/uploads\/2023\/10\/geomet-1024x745.jpg",1024,745,true],"morenews-large":["https:\/\/prodelcobre.cl\/nueva\/wp-content\/uploads\/2023\/10\/geomet-825x575.jpg",825,575,true],"morenews-medium":["https:\/\/prodelcobre.cl\/nueva\/wp-content\/uploads\/2023\/10\/geomet-590x410.jpg",590,410,true],"psacp-medium":["https:\/\/prodelcobre.cl\/nueva\/wp-content\/uploads\/2023\/10\/geomet.jpg",500,364,false]},"rttpg_author":{"display_name":"Francisco P\u00e9rez Alvi\u00e1rez","author_link":"https:\/\/prodelcobre.cl\/nueva\/author\/fperez\/"},"rttpg_comment":0,"rttpg_category":"<a href=\"https:\/\/prodelcobre.cl\/nueva\/category\/chile\/\" rel=\"category tag\">Chile<\/a> <a href=\"https:\/\/prodelcobre.cl\/nueva\/category\/noticias\/\" rel=\"category tag\">Noticias<\/a>","rttpg_excerpt":"La conferencia cont\u00f3 con m\u00e1s de 400 participantes y cerca de 100 presentaciones de autores de la industria","_links":{"self":[{"href":"https:\/\/prodelcobre.cl\/nueva\/wp-json\/wp\/v2\/posts\/9224","targetHints":{"allow":["GET"]}}],"collection":[{"href":"https:\/\/prodelcobre.cl\/nueva\/wp-json\/wp\/v2\/posts"}],"about":[{"href":"https:\/\/prodelcobre.cl\/nueva\/wp-json\/wp\/v2\/types\/post"}],"author":[{"embeddable":true,"href":"https:\/\/prodelcobre.cl\/nueva\/wp-json\/wp\/v2\/users\/3"}],"replies":[{"embeddable":true,"href":"https:\/\/prodelcobre.cl\/nueva\/wp-json\/wp\/v2\/comments?post=9224"}],"version-history":[{"count":1,"href":"https:\/\/prodelcobre.cl\/nueva\/wp-json\/wp\/v2\/posts\/9224\/revisions"}],"predecessor-version":[{"id":9226,"href":"https:\/\/prodelcobre.cl\/nueva\/wp-json\/wp\/v2\/posts\/9224\/revisions\/9226"}],"wp:featuredmedia":[{"embeddable":true,"href":"https:\/\/prodelcobre.cl\/nueva\/wp-json\/wp\/v2\/media\/9225"}],"wp:attachment":[{"href":"https:\/\/prodelcobre.cl\/nueva\/wp-json\/wp\/v2\/media?parent=9224"}],"wp:term":[{"taxonomy":"category","embeddable":true,"href":"https:\/\/prodelcobre.cl\/nueva\/wp-json\/wp\/v2\/categories?post=9224"},{"taxonomy":"post_tag","embeddable":true,"href":"https:\/\/prodelcobre.cl\/nueva\/wp-json\/wp\/v2\/tags?post=9224"}],"curies":[{"name":"wp","href":"https:\/\/api.w.org\/{rel}","templated":true}]}}