{"id":9227,"date":"2023-10-17T10:01:51","date_gmt":"2023-10-17T13:01:51","guid":{"rendered":"https:\/\/prodelcobre.cl\/nueva\/?p=9227"},"modified":"2023-10-17T10:01:53","modified_gmt":"2023-10-17T13:01:53","slug":"minera-paicavi-ingreso-a-evaluacion-ambiental-proyecto-de-ampliacion-de-su-capacidad","status":"publish","type":"post","link":"https:\/\/prodelcobre.cl\/nueva\/minera-paicavi-ingreso-a-evaluacion-ambiental-proyecto-de-ampliacion-de-su-capacidad\/","title":{"rendered":"Minera Paicav\u00ed ingres\u00f3 a evaluaci\u00f3n ambiental proyecto de ampliaci\u00f3n de su capacidad"},"content":{"rendered":"\n<h2 class=\"wp-block-heading\">La minera estima una inversi\u00f3n de m\u00e1s de US $3 millones. <\/h2>\n\n\n\n<p class=\"has-medium-font-size\">Minera Paicav\u00ed ingres\u00f3 a evaluaci\u00f3n ambiental el proyecto que busca&nbsp;<strong>ampliar su capacidad<\/strong>&nbsp;de procesamiento de la planta&nbsp;<strong>de 5.000 a 10.000 toneladas por mes.&nbsp;<\/strong>La compa\u00f1\u00eda opera el Complejo Minero Ch\u00e9pica desde febrero de 2018 en la Regi\u00f3n del Maule, comuna de Pencahue, y espera una inversi\u00f3n de m\u00e1s de US $3 millones.<\/p>\n\n\n\n<p class=\"has-medium-font-size\">La planta, que se ubica a 15 kil\u00f3metros de la ciudad de Talca, produce 150 toneladas por d\u00eda, obteniendo concentrados de oro, plata y cobre, y cuyo principal comprador es Enami. Con el aumento de la capacidad, se duplicar\u00eda a<strong>&nbsp;333 toneladas por d\u00eda.<\/strong><\/p>\n\n\n\n<p class=\"has-medium-font-size\">Actualmente, la planta de procesos opera con 45 personas. En caso de llevarse a cabo la ampliaci\u00f3n que est\u00e1 impulsando la minera, se sumar\u00edan 40 personas m\u00e1s a la operaci\u00f3n.<\/p>\n","protected":false},"excerpt":{"rendered":"<p>La minera estima una inversi\u00f3n de m\u00e1s de US $3 millones. Minera Paicav\u00ed ingres\u00f3 a evaluaci\u00f3n ambiental el<\/p>\n","protected":false},"author":3,"featured_media":6075,"comment_status":"closed","ping_status":"closed","sticky":false,"template":"","format":"standard","meta":{"footnotes":""},"categories":[51,52],"tags":[89],"class_list":["post-9227","post","type-post","status-publish","format-standard","has-post-thumbnail","hentry","category-chile","category-noticias","tag-mineria-4"],"rttpg_featured_image_url":{"full":["https:\/\/prodelcobre.cl\/nueva\/wp-content\/uploads\/2022\/07\/mineria-geologi.jpg",962,643,false],"landscape":["https:\/\/prodelcobre.cl\/nueva\/wp-content\/uploads\/2022\/07\/mineria-geologi.jpg",962,643,false],"portraits":["https:\/\/prodelcobre.cl\/nueva\/wp-content\/uploads\/2022\/07\/mineria-geologi.jpg",962,643,false],"thumbnail":["https:\/\/prodelcobre.cl\/nueva\/wp-content\/uploads\/2022\/07\/mineria-geologi-150x150.jpg",150,150,true],"medium":["https:\/\/prodelcobre.cl\/nueva\/wp-content\/uploads\/2022\/07\/mineria-geologi.jpg",962,643,false],"large":["https:\/\/prodelcobre.cl\/nueva\/wp-content\/uploads\/2022\/07\/mineria-geologi.jpg",962,643,false],"1536x1536":["https:\/\/prodelcobre.cl\/nueva\/wp-content\/uploads\/2022\/07\/mineria-geologi.jpg",962,643,false],"2048x2048":["https:\/\/prodelcobre.cl\/nueva\/wp-content\/uploads\/2022\/07\/mineria-geologi.jpg",962,643,false],"morenews-featured":["https:\/\/prodelcobre.cl\/nueva\/wp-content\/uploads\/2022\/07\/mineria-geologi.jpg",962,643,false],"morenews-large":["https:\/\/prodelcobre.cl\/nueva\/wp-content\/uploads\/2022\/07\/mineria-geologi.jpg",825,551,false],"morenews-medium":["https:\/\/prodelcobre.cl\/nueva\/wp-content\/uploads\/2022\/07\/mineria-geologi.jpg",590,394,false],"psacp-medium":["https:\/\/prodelcobre.cl\/nueva\/wp-content\/uploads\/2022\/07\/mineria-geologi.jpg",500,334,false]},"rttpg_author":{"display_name":"Francisco P\u00e9rez Alvi\u00e1rez","author_link":"https:\/\/prodelcobre.cl\/nueva\/author\/fperez\/"},"rttpg_comment":0,"rttpg_category":"<a href=\"https:\/\/prodelcobre.cl\/nueva\/category\/chile\/\" rel=\"category tag\">Chile<\/a> <a href=\"https:\/\/prodelcobre.cl\/nueva\/category\/noticias\/\" rel=\"category tag\">Noticias<\/a>","rttpg_excerpt":"La minera estima una inversi\u00f3n de m\u00e1s de US $3 millones. Minera Paicav\u00ed ingres\u00f3 a evaluaci\u00f3n ambiental el","_links":{"self":[{"href":"https:\/\/prodelcobre.cl\/nueva\/wp-json\/wp\/v2\/posts\/9227","targetHints":{"allow":["GET"]}}],"collection":[{"href":"https:\/\/prodelcobre.cl\/nueva\/wp-json\/wp\/v2\/posts"}],"about":[{"href":"https:\/\/prodelcobre.cl\/nueva\/wp-json\/wp\/v2\/types\/post"}],"author":[{"embeddable":true,"href":"https:\/\/prodelcobre.cl\/nueva\/wp-json\/wp\/v2\/users\/3"}],"replies":[{"embeddable":true,"href":"https:\/\/prodelcobre.cl\/nueva\/wp-json\/wp\/v2\/comments?post=9227"}],"version-history":[{"count":1,"href":"https:\/\/prodelcobre.cl\/nueva\/wp-json\/wp\/v2\/posts\/9227\/revisions"}],"predecessor-version":[{"id":9228,"href":"https:\/\/prodelcobre.cl\/nueva\/wp-json\/wp\/v2\/posts\/9227\/revisions\/9228"}],"wp:featuredmedia":[{"embeddable":true,"href":"https:\/\/prodelcobre.cl\/nueva\/wp-json\/wp\/v2\/media\/6075"}],"wp:attachment":[{"href":"https:\/\/prodelcobre.cl\/nueva\/wp-json\/wp\/v2\/media?parent=9227"}],"wp:term":[{"taxonomy":"category","embeddable":true,"href":"https:\/\/prodelcobre.cl\/nueva\/wp-json\/wp\/v2\/categories?post=9227"},{"taxonomy":"post_tag","embeddable":true,"href":"https:\/\/prodelcobre.cl\/nueva\/wp-json\/wp\/v2\/tags?post=9227"}],"curies":[{"name":"wp","href":"https:\/\/api.w.org\/{rel}","templated":true}]}}