{"id":9232,"date":"2023-10-18T10:02:21","date_gmt":"2023-10-18T13:02:21","guid":{"rendered":"https:\/\/prodelcobre.cl\/nueva\/?p=9232"},"modified":"2023-10-18T10:02:24","modified_gmt":"2023-10-18T13:02:24","slug":"codelco-llego-a-un-acuerdo-para-adquirir-a-la-australiana-lithium-power-por-us-244-millones","status":"publish","type":"post","link":"https:\/\/prodelcobre.cl\/nueva\/codelco-llego-a-un-acuerdo-para-adquirir-a-la-australiana-lithium-power-por-us-244-millones\/","title":{"rendered":"Codelco lleg\u00f3 a un acuerdo para adquirir a la australiana Lithium Power por US $244 millones"},"content":{"rendered":"\n<h2 class=\"wp-block-heading\">El acuerdo se encuentra en el marco de la Estrategia Nacional del Litio y podr\u00eda concretarse en el 2024.<\/h2>\n\n\n\n<p class=\"has-medium-font-size\">Con el apoyo de Rothschild en lo financiero, Allens y Carey en la asesor\u00eda legal y Deloitte como asesor tributario, Codelco llego al acuerdo de adquisici\u00f3n de Lithium Power por US $244 millones.<\/p>\n\n\n\n<p class=\"has-medium-font-size\">La compa\u00f1\u00eda due\u00f1a de Minera Salar Blanco cuenta con proyectos de extracci\u00f3n en el Salar de Maricunga, por lo que Codelco busca integrarla al proyecto de LPI.<\/p>\n\n\n\n<p class=\"has-medium-font-size\">La operaci\u00f3n de compra podr\u00eda concretarse para el primestre de 2024 posicionando a Chile como un actor clave en la transici\u00f3n energ\u00e9tica. <\/p>\n","protected":false},"excerpt":{"rendered":"<p>El acuerdo se encuentra en el marco de la Estrategia Nacional del Litio y podr\u00eda concretarse en el<\/p>\n","protected":false},"author":3,"featured_media":4197,"comment_status":"closed","ping_status":"closed","sticky":false,"template":"","format":"standard","meta":{"footnotes":""},"categories":[51,52],"tags":[101],"class_list":["post-9232","post","type-post","status-publish","format-standard","has-post-thumbnail","hentry","category-chile","category-noticias","tag-codelco"],"rttpg_featured_image_url":{"full":["https:\/\/prodelcobre.cl\/nueva\/wp-content\/uploads\/2021\/04\/2020-08-06T211453Z_1_LYNXNPEG751OJ_RTROPTP_4_MINERIA-CHILE-CODELCO-700x467-1.jpg",700,467,false],"landscape":["https:\/\/prodelcobre.cl\/nueva\/wp-content\/uploads\/2021\/04\/2020-08-06T211453Z_1_LYNXNPEG751OJ_RTROPTP_4_MINERIA-CHILE-CODELCO-700x467-1.jpg",700,467,false],"portraits":["https:\/\/prodelcobre.cl\/nueva\/wp-content\/uploads\/2021\/04\/2020-08-06T211453Z_1_LYNXNPEG751OJ_RTROPTP_4_MINERIA-CHILE-CODELCO-700x467-1.jpg",700,467,false],"thumbnail":["https:\/\/prodelcobre.cl\/nueva\/wp-content\/uploads\/2021\/04\/2020-08-06T211453Z_1_LYNXNPEG751OJ_RTROPTP_4_MINERIA-CHILE-CODELCO-700x467-1-150x150.jpg",150,150,true],"medium":["https:\/\/prodelcobre.cl\/nueva\/wp-content\/uploads\/2021\/04\/2020-08-06T211453Z_1_LYNXNPEG751OJ_RTROPTP_4_MINERIA-CHILE-CODELCO-700x467-1.jpg",700,467,false],"large":["https:\/\/prodelcobre.cl\/nueva\/wp-content\/uploads\/2021\/04\/2020-08-06T211453Z_1_LYNXNPEG751OJ_RTROPTP_4_MINERIA-CHILE-CODELCO-700x467-1.jpg",700,467,false],"1536x1536":["https:\/\/prodelcobre.cl\/nueva\/wp-content\/uploads\/2021\/04\/2020-08-06T211453Z_1_LYNXNPEG751OJ_RTROPTP_4_MINERIA-CHILE-CODELCO-700x467-1.jpg",700,467,false],"2048x2048":["https:\/\/prodelcobre.cl\/nueva\/wp-content\/uploads\/2021\/04\/2020-08-06T211453Z_1_LYNXNPEG751OJ_RTROPTP_4_MINERIA-CHILE-CODELCO-700x467-1.jpg",700,467,false],"morenews-featured":["https:\/\/prodelcobre.cl\/nueva\/wp-content\/uploads\/2021\/04\/2020-08-06T211453Z_1_LYNXNPEG751OJ_RTROPTP_4_MINERIA-CHILE-CODELCO-700x467-1.jpg",700,467,false],"morenews-large":["https:\/\/prodelcobre.cl\/nueva\/wp-content\/uploads\/2021\/04\/2020-08-06T211453Z_1_LYNXNPEG751OJ_RTROPTP_4_MINERIA-CHILE-CODELCO-700x467-1.jpg",700,467,false],"morenews-medium":["https:\/\/prodelcobre.cl\/nueva\/wp-content\/uploads\/2021\/04\/2020-08-06T211453Z_1_LYNXNPEG751OJ_RTROPTP_4_MINERIA-CHILE-CODELCO-700x467-1.jpg",590,394,false],"psacp-medium":["https:\/\/prodelcobre.cl\/nueva\/wp-content\/uploads\/2021\/04\/2020-08-06T211453Z_1_LYNXNPEG751OJ_RTROPTP_4_MINERIA-CHILE-CODELCO-700x467-1.jpg",500,334,false]},"rttpg_author":{"display_name":"Francisco P\u00e9rez Alvi\u00e1rez","author_link":"https:\/\/prodelcobre.cl\/nueva\/author\/fperez\/"},"rttpg_comment":0,"rttpg_category":"<a href=\"https:\/\/prodelcobre.cl\/nueva\/category\/chile\/\" rel=\"category tag\">Chile<\/a> <a href=\"https:\/\/prodelcobre.cl\/nueva\/category\/noticias\/\" rel=\"category tag\">Noticias<\/a>","rttpg_excerpt":"El acuerdo se encuentra en el marco de la Estrategia Nacional del Litio y podr\u00eda concretarse en el","_links":{"self":[{"href":"https:\/\/prodelcobre.cl\/nueva\/wp-json\/wp\/v2\/posts\/9232","targetHints":{"allow":["GET"]}}],"collection":[{"href":"https:\/\/prodelcobre.cl\/nueva\/wp-json\/wp\/v2\/posts"}],"about":[{"href":"https:\/\/prodelcobre.cl\/nueva\/wp-json\/wp\/v2\/types\/post"}],"author":[{"embeddable":true,"href":"https:\/\/prodelcobre.cl\/nueva\/wp-json\/wp\/v2\/users\/3"}],"replies":[{"embeddable":true,"href":"https:\/\/prodelcobre.cl\/nueva\/wp-json\/wp\/v2\/comments?post=9232"}],"version-history":[{"count":1,"href":"https:\/\/prodelcobre.cl\/nueva\/wp-json\/wp\/v2\/posts\/9232\/revisions"}],"predecessor-version":[{"id":9233,"href":"https:\/\/prodelcobre.cl\/nueva\/wp-json\/wp\/v2\/posts\/9232\/revisions\/9233"}],"wp:featuredmedia":[{"embeddable":true,"href":"https:\/\/prodelcobre.cl\/nueva\/wp-json\/wp\/v2\/media\/4197"}],"wp:attachment":[{"href":"https:\/\/prodelcobre.cl\/nueva\/wp-json\/wp\/v2\/media?parent=9232"}],"wp:term":[{"taxonomy":"category","embeddable":true,"href":"https:\/\/prodelcobre.cl\/nueva\/wp-json\/wp\/v2\/categories?post=9232"},{"taxonomy":"post_tag","embeddable":true,"href":"https:\/\/prodelcobre.cl\/nueva\/wp-json\/wp\/v2\/tags?post=9232"}],"curies":[{"name":"wp","href":"https:\/\/api.w.org\/{rel}","templated":true}]}}