{"id":9234,"date":"2023-10-18T10:36:08","date_gmt":"2023-10-18T13:36:08","guid":{"rendered":"https:\/\/prodelcobre.cl\/nueva\/?p=9234"},"modified":"2023-10-18T10:36:10","modified_gmt":"2023-10-18T13:36:10","slug":"ruta-a-exponor-2024-estara-marcada-por-fuerte-presencia-de-empresas-internacionales","status":"publish","type":"post","link":"https:\/\/prodelcobre.cl\/nueva\/ruta-a-exponor-2024-estara-marcada-por-fuerte-presencia-de-empresas-internacionales\/","title":{"rendered":"Ruta a Exponor 2024 estar\u00e1 marcada por fuerte presencia de empresas internacionales"},"content":{"rendered":"\n<h2 class=\"wp-block-heading\">Recientemente la exhibici\u00f3n estuvo en Per\u00fa y en noviembre lo har\u00e1 en Brasil, finalizando as\u00ed su exitosa gira internacional 2023, cuya etapa de reserva de stand lleva m\u00e1s del 65% vendido.<\/h2>\n\n\n\n<p class=\"has-medium-font-size\">Tras el cambio de a\u00f1o de realizaci\u00f3n, Exponor pudo estar presente con stand en Perumin, convenci\u00f3n y exhibici\u00f3n minera de Per\u00fa llevada a cabo en Arequipa a fines del pasado mes, y que gracias a la alianza entre la Asociaci\u00f3n de Industriales de Antofagasta, AIA, y el Instituto de Ingenieros de Minas de Per\u00fa, permiti\u00f3 promocionar su siguiente edici\u00f3n del 3 al 6 de junio de 2024 y atender in situ las consultas e intereses en el mercado chileno, por parte de las empresas peruanas.<\/p>\n\n\n\n<p class=\"has-medium-font-size\">Seg\u00fan rese\u00f1\u00f3 una nota de prensa del evento, en marzo pasado fue cuando se inici\u00f3 esta ruta a Exponor 2024, en la PDAC en Toronto, Canad\u00e1, la que da el puntapi\u00e9 a lo que ser\u00e1 esta pr\u00f3xima exhibici\u00f3n, exhibiendo y promoviendo en las distintas ferias mineras las oportunidades que representa Chile, en especial la Regi\u00f3n de Antofagasta, en el sector minero y energ\u00e9tico. Posteriormente, regres\u00f3 a Canad\u00e1 para estar presente en la CIM EXPO, del 30 de abril al 3 de mayo, en Montreal.<\/p>\n\n\n\n<p class=\"has-medium-font-size\">En mayo estuvo en Arminera, Exposici\u00f3n Internacional de Miner\u00eda Argentina, donde se estrecharon fuertes v\u00ednculos con el mercado trasandino. Entre el 31 de octubre y el 2 de noviembre estar\u00e1 en IMARC, International Mining and Resources Conference, en S\u00eddney, Australia. Para, a fines de ese mismo mes, realizar oficialmente la primera visita de la AIA a Brasil, Pa\u00eds Invitado de Exponor 2024, para reunirse con distintas instituciones en el marco del plan de trabajo con la naci\u00f3n carioca.<\/p>\n\n\n\n<p class=\"has-medium-font-size\">Potente trabajo en estos \u00faltimos meses del a\u00f1o, lo que ha hecho que el 66% de los stands ya est\u00e9n vendidos, se estime la participaci\u00f3n de 10 pa\u00edses en formato Pabell\u00f3n Pa\u00eds, m\u00e1s un alto porcentaje en reservas nacionales.<\/p>\n\n\n\n<p class=\"has-medium-font-size\">Con este objetivo en mente, Exponor contar\u00e1 pr\u00f3ximamente con un stand en el Foro Regional de Desarrollo, Forede, en la Regi\u00f3n de Atacama, Copiap\u00f3, entre el 24 y 26 de octubre. En forma paralela, se eval\u00faa realizar un seminario presencial en el sur de Chile, para empresas interesadas en prestar servicios a la industria en Antofagasta.<\/p>\n","protected":false},"excerpt":{"rendered":"<p>Recientemente la exhibici\u00f3n estuvo en Per\u00fa y en noviembre lo har\u00e1 en Brasil, finalizando as\u00ed su exitosa gira<\/p>\n","protected":false},"author":3,"featured_media":4768,"comment_status":"closed","ping_status":"closed","sticky":false,"template":"","format":"standard","meta":{"footnotes":""},"categories":[51,52],"tags":[153],"class_list":["post-9234","post","type-post","status-publish","format-standard","has-post-thumbnail","hentry","category-chile","category-noticias","tag-exponor"],"rttpg_featured_image_url":{"full":["https:\/\/prodelcobre.cl\/nueva\/wp-content\/uploads\/2022\/02\/EXPONOR-internet-1.jpg",800,618,false],"landscape":["https:\/\/prodelcobre.cl\/nueva\/wp-content\/uploads\/2022\/02\/EXPONOR-internet-1.jpg",800,618,false],"portraits":["https:\/\/prodelcobre.cl\/nueva\/wp-content\/uploads\/2022\/02\/EXPONOR-internet-1.jpg",800,618,false],"thumbnail":["https:\/\/prodelcobre.cl\/nueva\/wp-content\/uploads\/2022\/02\/EXPONOR-internet-1-150x150.jpg",150,150,true],"medium":["https:\/\/prodelcobre.cl\/nueva\/wp-content\/uploads\/2022\/02\/EXPONOR-internet-1.jpg",800,618,false],"large":["https:\/\/prodelcobre.cl\/nueva\/wp-content\/uploads\/2022\/02\/EXPONOR-internet-1.jpg",800,618,false],"1536x1536":["https:\/\/prodelcobre.cl\/nueva\/wp-content\/uploads\/2022\/02\/EXPONOR-internet-1.jpg",800,618,false],"2048x2048":["https:\/\/prodelcobre.cl\/nueva\/wp-content\/uploads\/2022\/02\/EXPONOR-internet-1.jpg",800,618,false],"morenews-featured":["https:\/\/prodelcobre.cl\/nueva\/wp-content\/uploads\/2022\/02\/EXPONOR-internet-1.jpg",800,618,false],"morenews-large":["https:\/\/prodelcobre.cl\/nueva\/wp-content\/uploads\/2022\/02\/EXPONOR-internet-1.jpg",744,575,false],"morenews-medium":["https:\/\/prodelcobre.cl\/nueva\/wp-content\/uploads\/2022\/02\/EXPONOR-internet-1.jpg",531,410,false],"psacp-medium":["https:\/\/prodelcobre.cl\/nueva\/wp-content\/uploads\/2022\/02\/EXPONOR-internet-1.jpg",500,386,false]},"rttpg_author":{"display_name":"Francisco P\u00e9rez Alvi\u00e1rez","author_link":"https:\/\/prodelcobre.cl\/nueva\/author\/fperez\/"},"rttpg_comment":0,"rttpg_category":"<a href=\"https:\/\/prodelcobre.cl\/nueva\/category\/chile\/\" rel=\"category tag\">Chile<\/a> <a href=\"https:\/\/prodelcobre.cl\/nueva\/category\/noticias\/\" rel=\"category tag\">Noticias<\/a>","rttpg_excerpt":"Recientemente la exhibici\u00f3n estuvo en Per\u00fa y en noviembre lo har\u00e1 en Brasil, finalizando as\u00ed su exitosa gira","_links":{"self":[{"href":"https:\/\/prodelcobre.cl\/nueva\/wp-json\/wp\/v2\/posts\/9234","targetHints":{"allow":["GET"]}}],"collection":[{"href":"https:\/\/prodelcobre.cl\/nueva\/wp-json\/wp\/v2\/posts"}],"about":[{"href":"https:\/\/prodelcobre.cl\/nueva\/wp-json\/wp\/v2\/types\/post"}],"author":[{"embeddable":true,"href":"https:\/\/prodelcobre.cl\/nueva\/wp-json\/wp\/v2\/users\/3"}],"replies":[{"embeddable":true,"href":"https:\/\/prodelcobre.cl\/nueva\/wp-json\/wp\/v2\/comments?post=9234"}],"version-history":[{"count":1,"href":"https:\/\/prodelcobre.cl\/nueva\/wp-json\/wp\/v2\/posts\/9234\/revisions"}],"predecessor-version":[{"id":9235,"href":"https:\/\/prodelcobre.cl\/nueva\/wp-json\/wp\/v2\/posts\/9234\/revisions\/9235"}],"wp:featuredmedia":[{"embeddable":true,"href":"https:\/\/prodelcobre.cl\/nueva\/wp-json\/wp\/v2\/media\/4768"}],"wp:attachment":[{"href":"https:\/\/prodelcobre.cl\/nueva\/wp-json\/wp\/v2\/media?parent=9234"}],"wp:term":[{"taxonomy":"category","embeddable":true,"href":"https:\/\/prodelcobre.cl\/nueva\/wp-json\/wp\/v2\/categories?post=9234"},{"taxonomy":"post_tag","embeddable":true,"href":"https:\/\/prodelcobre.cl\/nueva\/wp-json\/wp\/v2\/tags?post=9234"}],"curies":[{"name":"wp","href":"https:\/\/api.w.org\/{rel}","templated":true}]}}