{"id":9236,"date":"2023-10-18T10:48:23","date_gmt":"2023-10-18T13:48:23","guid":{"rendered":"https:\/\/prodelcobre.cl\/nueva\/?p=9236"},"modified":"2023-10-18T10:48:24","modified_gmt":"2023-10-18T13:48:24","slug":"antofagasta-minerals-espera-aumentar-su-produccion-durante-2024","status":"publish","type":"post","link":"https:\/\/prodelcobre.cl\/nueva\/antofagasta-minerals-espera-aumentar-su-produccion-durante-2024\/","title":{"rendered":"Antofagasta Minerals espera aumentar su producci\u00f3n durante 2024"},"content":{"rendered":"\n<h2 class=\"wp-block-heading\">La empresa invirti\u00f3 US $2 mil millones para financiar iniciativas de desarrollo dentro de su cartera de proyectos.<\/h2>\n\n\n\n<p class=\"has-medium-font-size\">Antofagasta Minerals espera un aumento de producci\u00f3n el a\u00f1o que viene que oscile entre las 670.000 y 710.000 toneladas de cobre fino gracias a los avances en su proyecto de Infraestructura Complementaria (INCO), en Minera Los Pelambres.<\/p>\n\n\n\n<p class=\"has-medium-font-size\">La compa\u00f1\u00eda que  ha invertido US $2 mil millones en su cartera de proyectos, mantiene una expectativa de producci\u00f3n para este a\u00f1o entre 640.000 y 670.000 toneladas, con un costo neto de caja de US$1,65 la libra.<\/p>\n\n\n\n<p class=\"has-medium-font-size\">Por otra parte, respecto a las negociaciones colectivas llevadas a cabo durante el a\u00f1o, se cerraron sin conflictos nuevos contratos por tres a\u00f1os con los sindicatos de trabajadores de mina y de planta en Minera Los Pelambres y con el sindicato de trabajadores de Minera Zald\u00edvar.<\/p>\n","protected":false},"excerpt":{"rendered":"<p>La empresa invirti\u00f3 US $2 mil millones para financiar iniciativas de desarrollo dentro de su cartera de proyectos.<\/p>\n","protected":false},"author":3,"featured_media":5821,"comment_status":"closed","ping_status":"closed","sticky":false,"template":"","format":"standard","meta":{"footnotes":""},"categories":[51,52],"tags":[261],"class_list":["post-9236","post","type-post","status-publish","format-standard","has-post-thumbnail","hentry","category-chile","category-noticias","tag-antofagastaminerals"],"rttpg_featured_image_url":{"full":["https:\/\/prodelcobre.cl\/nueva\/wp-content\/uploads\/2022\/07\/antofagastaminerals_nota-850x558-1.jpg",850,558,false],"landscape":["https:\/\/prodelcobre.cl\/nueva\/wp-content\/uploads\/2022\/07\/antofagastaminerals_nota-850x558-1.jpg",850,558,false],"portraits":["https:\/\/prodelcobre.cl\/nueva\/wp-content\/uploads\/2022\/07\/antofagastaminerals_nota-850x558-1.jpg",850,558,false],"thumbnail":["https:\/\/prodelcobre.cl\/nueva\/wp-content\/uploads\/2022\/07\/antofagastaminerals_nota-850x558-1-150x150.jpg",150,150,true],"medium":["https:\/\/prodelcobre.cl\/nueva\/wp-content\/uploads\/2022\/07\/antofagastaminerals_nota-850x558-1.jpg",850,558,false],"large":["https:\/\/prodelcobre.cl\/nueva\/wp-content\/uploads\/2022\/07\/antofagastaminerals_nota-850x558-1.jpg",850,558,false],"1536x1536":["https:\/\/prodelcobre.cl\/nueva\/wp-content\/uploads\/2022\/07\/antofagastaminerals_nota-850x558-1.jpg",850,558,false],"2048x2048":["https:\/\/prodelcobre.cl\/nueva\/wp-content\/uploads\/2022\/07\/antofagastaminerals_nota-850x558-1.jpg",850,558,false],"morenews-featured":["https:\/\/prodelcobre.cl\/nueva\/wp-content\/uploads\/2022\/07\/antofagastaminerals_nota-850x558-1.jpg",850,558,false],"morenews-large":["https:\/\/prodelcobre.cl\/nueva\/wp-content\/uploads\/2022\/07\/antofagastaminerals_nota-850x558-1.jpg",825,542,false],"morenews-medium":["https:\/\/prodelcobre.cl\/nueva\/wp-content\/uploads\/2022\/07\/antofagastaminerals_nota-850x558-1.jpg",590,387,false],"psacp-medium":["https:\/\/prodelcobre.cl\/nueva\/wp-content\/uploads\/2022\/07\/antofagastaminerals_nota-850x558-1.jpg",500,328,false]},"rttpg_author":{"display_name":"Francisco P\u00e9rez Alvi\u00e1rez","author_link":"https:\/\/prodelcobre.cl\/nueva\/author\/fperez\/"},"rttpg_comment":0,"rttpg_category":"<a href=\"https:\/\/prodelcobre.cl\/nueva\/category\/chile\/\" rel=\"category tag\">Chile<\/a> <a href=\"https:\/\/prodelcobre.cl\/nueva\/category\/noticias\/\" rel=\"category tag\">Noticias<\/a>","rttpg_excerpt":"La empresa invirti\u00f3 US $2 mil millones para financiar iniciativas de desarrollo dentro de su cartera de proyectos.","_links":{"self":[{"href":"https:\/\/prodelcobre.cl\/nueva\/wp-json\/wp\/v2\/posts\/9236","targetHints":{"allow":["GET"]}}],"collection":[{"href":"https:\/\/prodelcobre.cl\/nueva\/wp-json\/wp\/v2\/posts"}],"about":[{"href":"https:\/\/prodelcobre.cl\/nueva\/wp-json\/wp\/v2\/types\/post"}],"author":[{"embeddable":true,"href":"https:\/\/prodelcobre.cl\/nueva\/wp-json\/wp\/v2\/users\/3"}],"replies":[{"embeddable":true,"href":"https:\/\/prodelcobre.cl\/nueva\/wp-json\/wp\/v2\/comments?post=9236"}],"version-history":[{"count":1,"href":"https:\/\/prodelcobre.cl\/nueva\/wp-json\/wp\/v2\/posts\/9236\/revisions"}],"predecessor-version":[{"id":9237,"href":"https:\/\/prodelcobre.cl\/nueva\/wp-json\/wp\/v2\/posts\/9236\/revisions\/9237"}],"wp:featuredmedia":[{"embeddable":true,"href":"https:\/\/prodelcobre.cl\/nueva\/wp-json\/wp\/v2\/media\/5821"}],"wp:attachment":[{"href":"https:\/\/prodelcobre.cl\/nueva\/wp-json\/wp\/v2\/media?parent=9236"}],"wp:term":[{"taxonomy":"category","embeddable":true,"href":"https:\/\/prodelcobre.cl\/nueva\/wp-json\/wp\/v2\/categories?post=9236"},{"taxonomy":"post_tag","embeddable":true,"href":"https:\/\/prodelcobre.cl\/nueva\/wp-json\/wp\/v2\/tags?post=9236"}],"curies":[{"name":"wp","href":"https:\/\/api.w.org\/{rel}","templated":true}]}}