{"id":9239,"date":"2023-10-19T09:42:30","date_gmt":"2023-10-19T12:42:30","guid":{"rendered":"https:\/\/prodelcobre.cl\/nueva\/?p=9239"},"modified":"2023-10-19T09:42:32","modified_gmt":"2023-10-19T12:42:32","slug":"ministro-pardow-inauguro-nuevo-sistema-de-almacenamiento-de-energia-en-el-desierto-de-atacama","status":"publish","type":"post","link":"https:\/\/prodelcobre.cl\/nueva\/ministro-pardow-inauguro-nuevo-sistema-de-almacenamiento-de-energia-en-el-desierto-de-atacama\/","title":{"rendered":"Ministro Pardow inaugur\u00f3 nuevo sistema de almacenamiento de energ\u00eda en el Desierto de Atacama"},"content":{"rendered":"\n<h2 class=\"wp-block-heading\">Desde noviembre de 2022, Chile cuenta con una ley de almacenamiento que fomenta este tipo de sistemas, reconociendo el papel fundamental que desempe\u00f1ar\u00e1n como soporte para la variabilidad asociada a la integraci\u00f3n masiva de energ\u00eda renovable en el pa\u00eds.<\/h2>\n\n\n\n<p class=\"has-medium-font-size\">Con una inversi\u00f3n de US $74 millones, el ministro de Energ\u00eda, Diego Pardow, inaugur\u00f3 en la Regi\u00f3n de Atacama el proyecto Emerald, sistema de bater\u00edas BESS, que consta de 116 contenedores de bater\u00edas y 4 contenedores de equipos auxiliares, lo que agrega una capacidad de almacenamiento de 50 MWp por 5 horas, equivalente a 250 MWh, que se suma a los 68 MW del parque solar Salvador.<\/p>\n\n\n\n<p class=\"has-medium-font-size\">Desde noviembre de 2022, Chile cuenta con una ley de almacenamiento que fomenta este tipo de sistemas, reconociendo el papel fundamental que desempe\u00f1ar\u00e1n como soporte para la variabilidad asociada a la integraci\u00f3n masiva de energ\u00eda renovable en el pa\u00eds.<\/p>\n\n\n\n<p class=\"has-medium-font-size\">El proyecto BESS abarca una superficie de 1,74 hect\u00e1reas, que incluye la extensi\u00f3n del edificio de interconexi\u00f3n y 600 metros de canalizaciones, todo ubicado en las 122 hect\u00e1reas del parque solar Salvador.<\/p>\n","protected":false},"excerpt":{"rendered":"<p>Desde noviembre de 2022, Chile cuenta con una ley de almacenamiento que fomenta este tipo de sistemas, reconociendo<\/p>\n","protected":false},"author":3,"featured_media":7269,"comment_status":"closed","ping_status":"closed","sticky":false,"template":"","format":"standard","meta":{"footnotes":""},"categories":[51,59,52],"tags":[90],"class_list":["post-9239","post","type-post","status-publish","format-standard","has-post-thumbnail","hentry","category-chile","category-energia","category-noticias","tag-energia"],"rttpg_featured_image_url":{"full":["https:\/\/prodelcobre.cl\/nueva\/wp-content\/uploads\/2023\/01\/energia-freepik.jpg",841,547,false],"landscape":["https:\/\/prodelcobre.cl\/nueva\/wp-content\/uploads\/2023\/01\/energia-freepik.jpg",841,547,false],"portraits":["https:\/\/prodelcobre.cl\/nueva\/wp-content\/uploads\/2023\/01\/energia-freepik.jpg",841,547,false],"thumbnail":["https:\/\/prodelcobre.cl\/nueva\/wp-content\/uploads\/2023\/01\/energia-freepik-150x150.jpg",150,150,true],"medium":["https:\/\/prodelcobre.cl\/nueva\/wp-content\/uploads\/2023\/01\/energia-freepik.jpg",841,547,false],"large":["https:\/\/prodelcobre.cl\/nueva\/wp-content\/uploads\/2023\/01\/energia-freepik.jpg",841,547,false],"1536x1536":["https:\/\/prodelcobre.cl\/nueva\/wp-content\/uploads\/2023\/01\/energia-freepik.jpg",841,547,false],"2048x2048":["https:\/\/prodelcobre.cl\/nueva\/wp-content\/uploads\/2023\/01\/energia-freepik.jpg",841,547,false],"morenews-featured":["https:\/\/prodelcobre.cl\/nueva\/wp-content\/uploads\/2023\/01\/energia-freepik.jpg",841,547,false],"morenews-large":["https:\/\/prodelcobre.cl\/nueva\/wp-content\/uploads\/2023\/01\/energia-freepik.jpg",825,537,false],"morenews-medium":["https:\/\/prodelcobre.cl\/nueva\/wp-content\/uploads\/2023\/01\/energia-freepik.jpg",590,384,false],"psacp-medium":["https:\/\/prodelcobre.cl\/nueva\/wp-content\/uploads\/2023\/01\/energia-freepik.jpg",500,325,false]},"rttpg_author":{"display_name":"Francisco P\u00e9rez Alvi\u00e1rez","author_link":"https:\/\/prodelcobre.cl\/nueva\/author\/fperez\/"},"rttpg_comment":0,"rttpg_category":"<a href=\"https:\/\/prodelcobre.cl\/nueva\/category\/chile\/\" rel=\"category tag\">Chile<\/a> <a href=\"https:\/\/prodelcobre.cl\/nueva\/category\/energia\/\" rel=\"category tag\">Energ\u00eda<\/a> <a href=\"https:\/\/prodelcobre.cl\/nueva\/category\/noticias\/\" rel=\"category tag\">Noticias<\/a>","rttpg_excerpt":"Desde noviembre de 2022, Chile cuenta con una ley de almacenamiento que fomenta este tipo de sistemas, reconociendo","_links":{"self":[{"href":"https:\/\/prodelcobre.cl\/nueva\/wp-json\/wp\/v2\/posts\/9239","targetHints":{"allow":["GET"]}}],"collection":[{"href":"https:\/\/prodelcobre.cl\/nueva\/wp-json\/wp\/v2\/posts"}],"about":[{"href":"https:\/\/prodelcobre.cl\/nueva\/wp-json\/wp\/v2\/types\/post"}],"author":[{"embeddable":true,"href":"https:\/\/prodelcobre.cl\/nueva\/wp-json\/wp\/v2\/users\/3"}],"replies":[{"embeddable":true,"href":"https:\/\/prodelcobre.cl\/nueva\/wp-json\/wp\/v2\/comments?post=9239"}],"version-history":[{"count":1,"href":"https:\/\/prodelcobre.cl\/nueva\/wp-json\/wp\/v2\/posts\/9239\/revisions"}],"predecessor-version":[{"id":9240,"href":"https:\/\/prodelcobre.cl\/nueva\/wp-json\/wp\/v2\/posts\/9239\/revisions\/9240"}],"wp:featuredmedia":[{"embeddable":true,"href":"https:\/\/prodelcobre.cl\/nueva\/wp-json\/wp\/v2\/media\/7269"}],"wp:attachment":[{"href":"https:\/\/prodelcobre.cl\/nueva\/wp-json\/wp\/v2\/media?parent=9239"}],"wp:term":[{"taxonomy":"category","embeddable":true,"href":"https:\/\/prodelcobre.cl\/nueva\/wp-json\/wp\/v2\/categories?post=9239"},{"taxonomy":"post_tag","embeddable":true,"href":"https:\/\/prodelcobre.cl\/nueva\/wp-json\/wp\/v2\/tags?post=9239"}],"curies":[{"name":"wp","href":"https:\/\/api.w.org\/{rel}","templated":true}]}}