{"id":9241,"date":"2023-10-19T10:55:24","date_gmt":"2023-10-19T13:55:24","guid":{"rendered":"https:\/\/prodelcobre.cl\/nueva\/?p=9241"},"modified":"2023-10-19T10:55:25","modified_gmt":"2023-10-19T13:55:25","slug":"escondida-reporto-un-aumento-de-8-en-su-produccion-de-cobre-en-el-trimestre-julio-septiembre","status":"publish","type":"post","link":"https:\/\/prodelcobre.cl\/nueva\/escondida-reporto-un-aumento-de-8-en-su-produccion-de-cobre-en-el-trimestre-julio-septiembre\/","title":{"rendered":"Escondida report\u00f3 un aumento de 8% en su producci\u00f3n de cobre en el trimestre julio-septiembre"},"content":{"rendered":"\n<h2 class=\"wp-block-heading\">La empresa finaliz\u00f3 su a\u00f1o fiscal 2023, terminado en junio pasado, con un total de 1.344.000 toneladas de producci\u00f3n.<\/h2>\n\n\n\n<p class=\"has-medium-font-size\">BHP inform\u00f3 que minera Escondida, el mayor yacimiento crup\u00edfero del pa\u00eds, aument\u00f3 su producci\u00f3n en 8% en el primer trimestre de 2024. El alza se debi\u00f3 principalmente a una mayor ley de alimentaci\u00f3n de la concentradora, que alcanz\u00f3 un 0,85% versus el 0,83% del trimestre de septiembre del 2022.<\/p>\n\n\n\n<p class=\"has-medium-font-size\">La empresa agreg\u00f3 que las proyecciones para el a\u00f1o fiscal se mantienen, situ\u00e1ndose entre 1.080.000 y 1.180.000 toneladas. Para los dos ejercicios siguientes, los a\u00f1os fiscales 2025 y 2026, Escondida espera producir entre 1,2 y 1,3 millones de toneladas.<\/p>\n\n\n\n<p class=\"has-medium-font-size\">En t\u00e9rminos generales, BHP aument\u00f3 su producci\u00f3n de cobre en un 12%. La empresa destac\u00f3 un r\u00e9cord trimestral en la producci\u00f3n de Spence, en Pampa Norte. Sin embargo, Cerro Colorado cay\u00f3 en un 26%.<\/p>\n","protected":false},"excerpt":{"rendered":"<p>La empresa finaliz\u00f3 su a\u00f1o fiscal 2023, terminado en junio pasado, con un total de 1.344.000 toneladas de<\/p>\n","protected":false},"author":3,"featured_media":5037,"comment_status":"closed","ping_status":"closed","sticky":false,"template":"","format":"standard","meta":{"footnotes":""},"categories":[51,52],"tags":[224],"class_list":["post-9241","post","type-post","status-publish","format-standard","has-post-thumbnail","hentry","category-chile","category-noticias","tag-bhp"],"rttpg_featured_image_url":{"full":["https:\/\/prodelcobre.cl\/nueva\/wp-content\/uploads\/2022\/03\/BHP-.jpg",1280,720,false],"landscape":["https:\/\/prodelcobre.cl\/nueva\/wp-content\/uploads\/2022\/03\/BHP-.jpg",1280,720,false],"portraits":["https:\/\/prodelcobre.cl\/nueva\/wp-content\/uploads\/2022\/03\/BHP-.jpg",1280,720,false],"thumbnail":["https:\/\/prodelcobre.cl\/nueva\/wp-content\/uploads\/2022\/03\/BHP--150x150.jpg",150,150,true],"medium":["https:\/\/prodelcobre.cl\/nueva\/wp-content\/uploads\/2022\/03\/BHP-.jpg",1280,720,false],"large":["https:\/\/prodelcobre.cl\/nueva\/wp-content\/uploads\/2022\/03\/BHP-.jpg",1280,720,false],"1536x1536":["https:\/\/prodelcobre.cl\/nueva\/wp-content\/uploads\/2022\/03\/BHP-.jpg",1280,720,false],"2048x2048":["https:\/\/prodelcobre.cl\/nueva\/wp-content\/uploads\/2022\/03\/BHP-.jpg",1280,720,false],"morenews-featured":["https:\/\/prodelcobre.cl\/nueva\/wp-content\/uploads\/2022\/03\/BHP-.jpg",1024,576,false],"morenews-large":["https:\/\/prodelcobre.cl\/nueva\/wp-content\/uploads\/2022\/03\/BHP-.jpg",825,464,false],"morenews-medium":["https:\/\/prodelcobre.cl\/nueva\/wp-content\/uploads\/2022\/03\/BHP-.jpg",590,332,false],"psacp-medium":["https:\/\/prodelcobre.cl\/nueva\/wp-content\/uploads\/2022\/03\/BHP-.jpg",500,281,false]},"rttpg_author":{"display_name":"Francisco P\u00e9rez Alvi\u00e1rez","author_link":"https:\/\/prodelcobre.cl\/nueva\/author\/fperez\/"},"rttpg_comment":0,"rttpg_category":"<a href=\"https:\/\/prodelcobre.cl\/nueva\/category\/chile\/\" rel=\"category tag\">Chile<\/a> <a href=\"https:\/\/prodelcobre.cl\/nueva\/category\/noticias\/\" rel=\"category tag\">Noticias<\/a>","rttpg_excerpt":"La empresa finaliz\u00f3 su a\u00f1o fiscal 2023, terminado en junio pasado, con un total de 1.344.000 toneladas de","_links":{"self":[{"href":"https:\/\/prodelcobre.cl\/nueva\/wp-json\/wp\/v2\/posts\/9241","targetHints":{"allow":["GET"]}}],"collection":[{"href":"https:\/\/prodelcobre.cl\/nueva\/wp-json\/wp\/v2\/posts"}],"about":[{"href":"https:\/\/prodelcobre.cl\/nueva\/wp-json\/wp\/v2\/types\/post"}],"author":[{"embeddable":true,"href":"https:\/\/prodelcobre.cl\/nueva\/wp-json\/wp\/v2\/users\/3"}],"replies":[{"embeddable":true,"href":"https:\/\/prodelcobre.cl\/nueva\/wp-json\/wp\/v2\/comments?post=9241"}],"version-history":[{"count":1,"href":"https:\/\/prodelcobre.cl\/nueva\/wp-json\/wp\/v2\/posts\/9241\/revisions"}],"predecessor-version":[{"id":9242,"href":"https:\/\/prodelcobre.cl\/nueva\/wp-json\/wp\/v2\/posts\/9241\/revisions\/9242"}],"wp:featuredmedia":[{"embeddable":true,"href":"https:\/\/prodelcobre.cl\/nueva\/wp-json\/wp\/v2\/media\/5037"}],"wp:attachment":[{"href":"https:\/\/prodelcobre.cl\/nueva\/wp-json\/wp\/v2\/media?parent=9241"}],"wp:term":[{"taxonomy":"category","embeddable":true,"href":"https:\/\/prodelcobre.cl\/nueva\/wp-json\/wp\/v2\/categories?post=9241"},{"taxonomy":"post_tag","embeddable":true,"href":"https:\/\/prodelcobre.cl\/nueva\/wp-json\/wp\/v2\/tags?post=9241"}],"curies":[{"name":"wp","href":"https:\/\/api.w.org\/{rel}","templated":true}]}}