{"id":9243,"date":"2023-10-19T11:07:12","date_gmt":"2023-10-19T14:07:12","guid":{"rendered":"https:\/\/prodelcobre.cl\/nueva\/?p=9243"},"modified":"2023-10-19T11:07:13","modified_gmt":"2023-10-19T14:07:13","slug":"instituto-de-ingenieros-de-minas-llevo-a-cabo-seminario-de-fundiciones-y-refinerias","status":"publish","type":"post","link":"https:\/\/prodelcobre.cl\/nueva\/instituto-de-ingenieros-de-minas-llevo-a-cabo-seminario-de-fundiciones-y-refinerias\/","title":{"rendered":"Instituto de Ingenieros de Minas llev\u00f3 a cabo seminario de Fundiciones y Refiner\u00edas"},"content":{"rendered":"\n<h2 class=\"wp-block-heading\">En el evento participan representantes del Ministerio de Miner\u00eda e instituciones estatales, privadas y universidades, como tambi\u00e9n profesionales y especialistas de la miner\u00eda y del sector metal\u00fargico, junto a estudiantes de carreras afines.<\/h2>\n\n\n\n<p class=\"has-medium-font-size\">Este 18 de octubre y hasta el 19 se lleva a cabo seminario de Fundiciones y Refiner\u00edas (FURE) organizado por el Instituto de Ingenieros de Minas de Chile (IIMCh) y que se est\u00e1 desarrollando en la casa central de la Pontificia Universidad Cat\u00f3lica de Valpara\u00edso (PUCV).<\/p>\n\n\n\n<p class=\"has-medium-font-size\">Durante la jornada inaugural, el presidente del Instituto de Ingenieros de Minas de Chile, Sergio Demetrio, record\u00f3 que \u201cChile fue top mundial en fundiciones en los a\u00f1os 80 y 90 y avanzamos muy bien hasta el a\u00f1o 2000, llegando a procesar un tercio de la capacidad mundial de concentrados\u201d.<\/p>\n\n\n\n<p class=\"has-medium-font-size\">Esta nueva edici\u00f3n cuenta con la novedad de integrar por primera vez a una casa de estudios superiores -como es el caso de la PUCV-, que es anfitriona de este evento que re\u00fane a profesionales y representantes del mundo del procesamiento de los concentrados.<\/p>\n\n\n\n<p class=\"has-medium-font-size\">Durante el encuentro, se revisar\u00e1 la actualidad y el futuro de las fundiciones nacionales e internacionales. Asimismo, se conversar\u00e1 sobre el procesamiento de concentrados chilenos, su realidad y los desaf\u00edos estrat\u00e9gicos de adecuarse a las exigencias ambientales, comunitarias y competitividad de sus instalaciones y aumentar su exportaci\u00f3n de cobre met\u00e1lico al mercado, mejorando su aporte para enfrentar el calentamiento global.<\/p>\n\n\n\n<p class=\"has-medium-font-size\">Cabe destacar que el seminario de Fundiciones y Refiner\u00edas se ha realizado en a\u00f1os anteriores en las ciudades de Rancagua, Vi\u00f1a del Mar, Calama, Copiap\u00f3 y Santiago.<\/p>\n","protected":false},"excerpt":{"rendered":"<p>En el evento participan representantes del Ministerio de Miner\u00eda e instituciones estatales, privadas y universidades, como tambi\u00e9n profesionales<\/p>\n","protected":false},"author":3,"featured_media":9244,"comment_status":"closed","ping_status":"closed","sticky":false,"template":"","format":"standard","meta":{"footnotes":""},"categories":[51,52],"tags":[89],"class_list":["post-9243","post","type-post","status-publish","format-standard","has-post-thumbnail","hentry","category-chile","category-noticias","tag-mineria-4"],"rttpg_featured_image_url":{"full":["https:\/\/prodelcobre.cl\/nueva\/wp-content\/uploads\/2023\/10\/Captura-de-pantalla-2023-10-19-105727.png",947,572,false],"landscape":["https:\/\/prodelcobre.cl\/nueva\/wp-content\/uploads\/2023\/10\/Captura-de-pantalla-2023-10-19-105727.png",947,572,false],"portraits":["https:\/\/prodelcobre.cl\/nueva\/wp-content\/uploads\/2023\/10\/Captura-de-pantalla-2023-10-19-105727.png",947,572,false],"thumbnail":["https:\/\/prodelcobre.cl\/nueva\/wp-content\/uploads\/2023\/10\/Captura-de-pantalla-2023-10-19-105727-150x150.png",150,150,true],"medium":["https:\/\/prodelcobre.cl\/nueva\/wp-content\/uploads\/2023\/10\/Captura-de-pantalla-2023-10-19-105727.png",947,572,false],"large":["https:\/\/prodelcobre.cl\/nueva\/wp-content\/uploads\/2023\/10\/Captura-de-pantalla-2023-10-19-105727.png",947,572,false],"1536x1536":["https:\/\/prodelcobre.cl\/nueva\/wp-content\/uploads\/2023\/10\/Captura-de-pantalla-2023-10-19-105727.png",947,572,false],"2048x2048":["https:\/\/prodelcobre.cl\/nueva\/wp-content\/uploads\/2023\/10\/Captura-de-pantalla-2023-10-19-105727.png",947,572,false],"morenews-featured":["https:\/\/prodelcobre.cl\/nueva\/wp-content\/uploads\/2023\/10\/Captura-de-pantalla-2023-10-19-105727.png",947,572,false],"morenews-large":["https:\/\/prodelcobre.cl\/nueva\/wp-content\/uploads\/2023\/10\/Captura-de-pantalla-2023-10-19-105727-825x572.png",825,572,true],"morenews-medium":["https:\/\/prodelcobre.cl\/nueva\/wp-content\/uploads\/2023\/10\/Captura-de-pantalla-2023-10-19-105727-590x410.png",590,410,true],"psacp-medium":["https:\/\/prodelcobre.cl\/nueva\/wp-content\/uploads\/2023\/10\/Captura-de-pantalla-2023-10-19-105727.png",500,302,false]},"rttpg_author":{"display_name":"Francisco P\u00e9rez Alvi\u00e1rez","author_link":"https:\/\/prodelcobre.cl\/nueva\/author\/fperez\/"},"rttpg_comment":0,"rttpg_category":"<a href=\"https:\/\/prodelcobre.cl\/nueva\/category\/chile\/\" rel=\"category tag\">Chile<\/a> <a href=\"https:\/\/prodelcobre.cl\/nueva\/category\/noticias\/\" rel=\"category tag\">Noticias<\/a>","rttpg_excerpt":"En el evento participan representantes del Ministerio de Miner\u00eda e instituciones estatales, privadas y universidades, como tambi\u00e9n profesionales","_links":{"self":[{"href":"https:\/\/prodelcobre.cl\/nueva\/wp-json\/wp\/v2\/posts\/9243","targetHints":{"allow":["GET"]}}],"collection":[{"href":"https:\/\/prodelcobre.cl\/nueva\/wp-json\/wp\/v2\/posts"}],"about":[{"href":"https:\/\/prodelcobre.cl\/nueva\/wp-json\/wp\/v2\/types\/post"}],"author":[{"embeddable":true,"href":"https:\/\/prodelcobre.cl\/nueva\/wp-json\/wp\/v2\/users\/3"}],"replies":[{"embeddable":true,"href":"https:\/\/prodelcobre.cl\/nueva\/wp-json\/wp\/v2\/comments?post=9243"}],"version-history":[{"count":1,"href":"https:\/\/prodelcobre.cl\/nueva\/wp-json\/wp\/v2\/posts\/9243\/revisions"}],"predecessor-version":[{"id":9245,"href":"https:\/\/prodelcobre.cl\/nueva\/wp-json\/wp\/v2\/posts\/9243\/revisions\/9245"}],"wp:featuredmedia":[{"embeddable":true,"href":"https:\/\/prodelcobre.cl\/nueva\/wp-json\/wp\/v2\/media\/9244"}],"wp:attachment":[{"href":"https:\/\/prodelcobre.cl\/nueva\/wp-json\/wp\/v2\/media?parent=9243"}],"wp:term":[{"taxonomy":"category","embeddable":true,"href":"https:\/\/prodelcobre.cl\/nueva\/wp-json\/wp\/v2\/categories?post=9243"},{"taxonomy":"post_tag","embeddable":true,"href":"https:\/\/prodelcobre.cl\/nueva\/wp-json\/wp\/v2\/tags?post=9243"}],"curies":[{"name":"wp","href":"https:\/\/api.w.org\/{rel}","templated":true}]}}