{"id":9246,"date":"2023-10-19T11:38:27","date_gmt":"2023-10-19T14:38:27","guid":{"rendered":"https:\/\/prodelcobre.cl\/nueva\/?p=9246"},"modified":"2023-10-19T11:38:28","modified_gmt":"2023-10-19T14:38:28","slug":"delegacion-de-peru-visito-planta-delta-para-conocer-el-modelo-integral-de-fomento-de-enami","status":"publish","type":"post","link":"https:\/\/prodelcobre.cl\/nueva\/delegacion-de-peru-visito-planta-delta-para-conocer-el-modelo-integral-de-fomento-de-enami\/","title":{"rendered":"Delegaci\u00f3n de Per\u00fa visit\u00f3 Planta Delta para conocer el Modelo Integral de Fomento de Enami"},"content":{"rendered":"\n<h2 class=\"wp-block-heading\">Los integrantes de la delegaci\u00f3n pol\u00edtica y minera del Per\u00fa manifestaron&nbsp;<strong>&#8220;un profundo agradecimiento a Enami&nbsp;<\/strong>por la oportunidad de llevar experiencias del trabajo de fomento que realiza en la peque\u00f1a miner\u00eda&#8221;.<\/h2>\n\n\n\n<p class=\"has-medium-font-size\">Representantes del Ministerio de Energ\u00eda y Minas del Per\u00fa, autoridades del Gobierno Regional de Ayacucho y poderes de compra privados de ese pa\u00eds, realizaron una visita t\u00e9cnica a la Subgerencia de Fomento y Miner\u00eda zona sur en el marco de las &#8220;Jornadas Acerca de Experiencias de C\u00f3mo Hacer Fomento en la Peque\u00f1a y Mediana Miner\u00eda&#8221;.<\/p>\n\n\n\n<p class=\"has-medium-font-size\">Las tres jornadas&nbsp;<strong>presentaron el quehacer de la Enami ante la delegaci\u00f3n peruana y guiaron recorridos por el Poder de Compra Delta,<\/strong>&nbsp;la mina base del plantel Delta, Panulcillo, y mina Selena. En esta \u00faltima, los productores mineros mostraron el trabajo de explotaci\u00f3n a peque\u00f1a escala y el progreso resultado de la asistencia t\u00e9cnica directa e instrumentos de fomento que ENAMI ha implementado en la faena.<\/p>\n","protected":false},"excerpt":{"rendered":"<p>Los integrantes de la delegaci\u00f3n pol\u00edtica y minera del Per\u00fa manifestaron&nbsp;&#8220;un profundo agradecimiento a Enami&nbsp;por la oportunidad de<\/p>\n","protected":false},"author":3,"featured_media":5280,"comment_status":"closed","ping_status":"closed","sticky":false,"template":"","format":"standard","meta":{"footnotes":""},"categories":[51,57,52],"tags":[187],"class_list":["post-9246","post","type-post","status-publish","format-standard","has-post-thumbnail","hentry","category-chile","category-internacional","category-noticias","tag-enami"],"rttpg_featured_image_url":{"full":["https:\/\/prodelcobre.cl\/nueva\/wp-content\/uploads\/2022\/04\/ENAMI_building-scaled.jpg",2560,1920,false],"landscape":["https:\/\/prodelcobre.cl\/nueva\/wp-content\/uploads\/2022\/04\/ENAMI_building-scaled.jpg",2560,1920,false],"portraits":["https:\/\/prodelcobre.cl\/nueva\/wp-content\/uploads\/2022\/04\/ENAMI_building-scaled.jpg",2560,1920,false],"thumbnail":["https:\/\/prodelcobre.cl\/nueva\/wp-content\/uploads\/2022\/04\/ENAMI_building-150x150.jpg",150,150,true],"medium":["https:\/\/prodelcobre.cl\/nueva\/wp-content\/uploads\/2022\/04\/ENAMI_building-scaled.jpg",2560,1920,false],"large":["https:\/\/prodelcobre.cl\/nueva\/wp-content\/uploads\/2022\/04\/ENAMI_building-scaled.jpg",2560,1920,false],"1536x1536":["https:\/\/prodelcobre.cl\/nueva\/wp-content\/uploads\/2022\/04\/ENAMI_building-1536x1152.jpg",1536,1152,true],"2048x2048":["https:\/\/prodelcobre.cl\/nueva\/wp-content\/uploads\/2022\/04\/ENAMI_building-2048x1536.jpg",2048,1536,true],"morenews-featured":["https:\/\/prodelcobre.cl\/nueva\/wp-content\/uploads\/2022\/04\/ENAMI_building-scaled.jpg",1024,768,false],"morenews-large":["https:\/\/prodelcobre.cl\/nueva\/wp-content\/uploads\/2022\/04\/ENAMI_building-scaled.jpg",767,575,false],"morenews-medium":["https:\/\/prodelcobre.cl\/nueva\/wp-content\/uploads\/2022\/04\/ENAMI_building-scaled.jpg",547,410,false],"psacp-medium":["https:\/\/prodelcobre.cl\/nueva\/wp-content\/uploads\/2022\/04\/ENAMI_building-scaled.jpg",500,375,false]},"rttpg_author":{"display_name":"Francisco P\u00e9rez Alvi\u00e1rez","author_link":"https:\/\/prodelcobre.cl\/nueva\/author\/fperez\/"},"rttpg_comment":0,"rttpg_category":"<a href=\"https:\/\/prodelcobre.cl\/nueva\/category\/chile\/\" rel=\"category tag\">Chile<\/a> <a href=\"https:\/\/prodelcobre.cl\/nueva\/category\/internacional\/\" rel=\"category tag\">Internacional<\/a> <a href=\"https:\/\/prodelcobre.cl\/nueva\/category\/noticias\/\" rel=\"category tag\">Noticias<\/a>","rttpg_excerpt":"Los integrantes de la delegaci\u00f3n pol\u00edtica y minera del Per\u00fa manifestaron&nbsp;&#8220;un profundo agradecimiento a Enami&nbsp;por la oportunidad de","_links":{"self":[{"href":"https:\/\/prodelcobre.cl\/nueva\/wp-json\/wp\/v2\/posts\/9246","targetHints":{"allow":["GET"]}}],"collection":[{"href":"https:\/\/prodelcobre.cl\/nueva\/wp-json\/wp\/v2\/posts"}],"about":[{"href":"https:\/\/prodelcobre.cl\/nueva\/wp-json\/wp\/v2\/types\/post"}],"author":[{"embeddable":true,"href":"https:\/\/prodelcobre.cl\/nueva\/wp-json\/wp\/v2\/users\/3"}],"replies":[{"embeddable":true,"href":"https:\/\/prodelcobre.cl\/nueva\/wp-json\/wp\/v2\/comments?post=9246"}],"version-history":[{"count":1,"href":"https:\/\/prodelcobre.cl\/nueva\/wp-json\/wp\/v2\/posts\/9246\/revisions"}],"predecessor-version":[{"id":9247,"href":"https:\/\/prodelcobre.cl\/nueva\/wp-json\/wp\/v2\/posts\/9246\/revisions\/9247"}],"wp:featuredmedia":[{"embeddable":true,"href":"https:\/\/prodelcobre.cl\/nueva\/wp-json\/wp\/v2\/media\/5280"}],"wp:attachment":[{"href":"https:\/\/prodelcobre.cl\/nueva\/wp-json\/wp\/v2\/media?parent=9246"}],"wp:term":[{"taxonomy":"category","embeddable":true,"href":"https:\/\/prodelcobre.cl\/nueva\/wp-json\/wp\/v2\/categories?post=9246"},{"taxonomy":"post_tag","embeddable":true,"href":"https:\/\/prodelcobre.cl\/nueva\/wp-json\/wp\/v2\/tags?post=9246"}],"curies":[{"name":"wp","href":"https:\/\/api.w.org\/{rel}","templated":true}]}}