{"id":9252,"date":"2023-10-19T17:52:02","date_gmt":"2023-10-19T20:52:02","guid":{"rendered":"https:\/\/prodelcobre.cl\/nueva\/?p=9252"},"modified":"2023-10-19T17:52:03","modified_gmt":"2023-10-19T20:52:03","slug":"sandvik-presenta-nuevo-logotipo-e-identidad-visual","status":"publish","type":"post","link":"https:\/\/prodelcobre.cl\/nueva\/sandvik-presenta-nuevo-logotipo-e-identidad-visual\/","title":{"rendered":"Sandvik presenta nuevo logotipo e identidad visual"},"content":{"rendered":"\n<h2 class=\"wp-block-heading\"><strong>La imagen est\u00e1 inspirada en el logotipo de Sandvik de 1962 y es un homenaje al legado y la historia de la empresa.<\/strong><\/h2>\n\n\n\n<p class=\"has-medium-font-size\">Sandvik present\u00f3 una nueva identidad visual; desde la firma dijeron que la pieza gr\u00e1fica destaca el compromiso de la empresa de liderar el cambio hacia industrias automatizadas e impulsadas digitalmente, y est\u00e1 desarrollado para adaptarse a la posici\u00f3n actual de la empresa como l\u00edder tecnol\u00f3gico que permite mejorar la productividad, la eficiencia y la sostenibilidad para sus clientes.<\/p>\n\n\n\n<p class=\"has-medium-font-size\">\u201cSandvik se ha convertido en muchos aspectos en una nueva empresa en los \u00faltimos a\u00f1os. Hemos fortalecido nuestras posiciones de liderazgo mundial a trav\u00e9s de innovaci\u00f3n y adquisiciones estrat\u00e9gicas, y queremos continuar fortaleciendo nuestro liderazgo tecnol\u00f3gico y seguir impulsando ganancias de productividad y sostenibilidad para nuestros clientes. Como reflejo de esto, estoy muy contento de que revelemos una identidad de marca y un logotipo nuevos y modernos que se ajusten a nuestro prop\u00f3sito y estrategia\u201d, afirma Stefan Widing, presidente y director ejecutivo de Sandvik.<\/p>\n\n\n\n<p class=\"has-medium-font-size\">Sandvik est\u00e1 en un camino de transformaci\u00f3n, construyendo una posici\u00f3n \u00fanica que combina hardware con software y soluciones digitales en las industrias de miner\u00eda, manufactura e infraestructura, con soluciones que mejoran la sostenibilidad y la productividad de los clientes a escala global. Una parte crucial de esto es centrarse en la colaboraci\u00f3n y la co-creaci\u00f3n para ofrecer estas soluciones de vanguardia.<\/p>\n\n\n\n<p class=\"has-medium-font-size\">La empresa sostiene que la identidad de marca actualizada representa este nuevo y moderno Sandvik y se basa en tres elementos centrales: asociaciones proactivas, soluciones con visi\u00f3n de futuro y progreso sostenible. \u201cEl logotipo est\u00e1 inspirado en el logotipo de Sandvik de 1962 y es un homenaje al legado y la historia de la empresa. Tambi\u00e9n se introduce un nuevo s\u00edmbolo, que pretende ser el portador clave de la marca Sandvik y la marca del prop\u00f3sito corporativo. Representa \u2018progreso\u2019 y \u2018circularidad\u2019, y resume visualmente el compromiso de Sandvik de hacer avanzar al mundo a trav\u00e9s de la ingenier\u00eda\u201d, destacan.<\/p>\n","protected":false},"excerpt":{"rendered":"<p>La imagen est\u00e1 inspirada en el logotipo de Sandvik de 1962 y es un homenaje al legado y<\/p>\n","protected":false},"author":2,"featured_media":9253,"comment_status":"closed","ping_status":"closed","sticky":false,"template":"","format":"standard","meta":{"footnotes":""},"categories":[52,257],"tags":[476],"class_list":["post-9252","post","type-post","status-publish","format-standard","has-post-thumbnail","hentry","category-noticias","category-proveedores-mineros","tag-sandvick"],"rttpg_featured_image_url":{"full":["https:\/\/prodelcobre.cl\/nueva\/wp-content\/uploads\/2023\/10\/logo-sandvic-web.jpg",573,604,false],"landscape":["https:\/\/prodelcobre.cl\/nueva\/wp-content\/uploads\/2023\/10\/logo-sandvic-web.jpg",573,604,false],"portraits":["https:\/\/prodelcobre.cl\/nueva\/wp-content\/uploads\/2023\/10\/logo-sandvic-web.jpg",573,604,false],"thumbnail":["https:\/\/prodelcobre.cl\/nueva\/wp-content\/uploads\/2023\/10\/logo-sandvic-web-150x150.jpg",150,150,true],"medium":["https:\/\/prodelcobre.cl\/nueva\/wp-content\/uploads\/2023\/10\/logo-sandvic-web.jpg",573,604,false],"large":["https:\/\/prodelcobre.cl\/nueva\/wp-content\/uploads\/2023\/10\/logo-sandvic-web.jpg",573,604,false],"1536x1536":["https:\/\/prodelcobre.cl\/nueva\/wp-content\/uploads\/2023\/10\/logo-sandvic-web.jpg",573,604,false],"2048x2048":["https:\/\/prodelcobre.cl\/nueva\/wp-content\/uploads\/2023\/10\/logo-sandvic-web.jpg",573,604,false],"morenews-featured":["https:\/\/prodelcobre.cl\/nueva\/wp-content\/uploads\/2023\/10\/logo-sandvic-web.jpg",573,604,false],"morenews-large":["https:\/\/prodelcobre.cl\/nueva\/wp-content\/uploads\/2023\/10\/logo-sandvic-web-573x575.jpg",573,575,true],"morenews-medium":["https:\/\/prodelcobre.cl\/nueva\/wp-content\/uploads\/2023\/10\/logo-sandvic-web-573x410.jpg",573,410,true],"psacp-medium":["https:\/\/prodelcobre.cl\/nueva\/wp-content\/uploads\/2023\/10\/logo-sandvic-web.jpg",474,500,false]},"rttpg_author":{"display_name":"Jorge Pardo","author_link":"https:\/\/prodelcobre.cl\/nueva\/author\/prensa\/"},"rttpg_comment":0,"rttpg_category":"<a href=\"https:\/\/prodelcobre.cl\/nueva\/category\/noticias\/\" rel=\"category tag\">Noticias<\/a> <a href=\"https:\/\/prodelcobre.cl\/nueva\/category\/proveedores-mineros\/\" rel=\"category tag\">Proveedores Mineros<\/a>","rttpg_excerpt":"La imagen est\u00e1 inspirada en el logotipo de Sandvik de 1962 y es un homenaje al legado y","_links":{"self":[{"href":"https:\/\/prodelcobre.cl\/nueva\/wp-json\/wp\/v2\/posts\/9252","targetHints":{"allow":["GET"]}}],"collection":[{"href":"https:\/\/prodelcobre.cl\/nueva\/wp-json\/wp\/v2\/posts"}],"about":[{"href":"https:\/\/prodelcobre.cl\/nueva\/wp-json\/wp\/v2\/types\/post"}],"author":[{"embeddable":true,"href":"https:\/\/prodelcobre.cl\/nueva\/wp-json\/wp\/v2\/users\/2"}],"replies":[{"embeddable":true,"href":"https:\/\/prodelcobre.cl\/nueva\/wp-json\/wp\/v2\/comments?post=9252"}],"version-history":[{"count":1,"href":"https:\/\/prodelcobre.cl\/nueva\/wp-json\/wp\/v2\/posts\/9252\/revisions"}],"predecessor-version":[{"id":9254,"href":"https:\/\/prodelcobre.cl\/nueva\/wp-json\/wp\/v2\/posts\/9252\/revisions\/9254"}],"wp:featuredmedia":[{"embeddable":true,"href":"https:\/\/prodelcobre.cl\/nueva\/wp-json\/wp\/v2\/media\/9253"}],"wp:attachment":[{"href":"https:\/\/prodelcobre.cl\/nueva\/wp-json\/wp\/v2\/media?parent=9252"}],"wp:term":[{"taxonomy":"category","embeddable":true,"href":"https:\/\/prodelcobre.cl\/nueva\/wp-json\/wp\/v2\/categories?post=9252"},{"taxonomy":"post_tag","embeddable":true,"href":"https:\/\/prodelcobre.cl\/nueva\/wp-json\/wp\/v2\/tags?post=9252"}],"curies":[{"name":"wp","href":"https:\/\/api.w.org\/{rel}","templated":true}]}}