{"id":9256,"date":"2023-10-20T10:05:02","date_gmt":"2023-10-20T13:05:02","guid":{"rendered":"https:\/\/prodelcobre.cl\/nueva\/?p=9256"},"modified":"2023-10-20T10:05:03","modified_gmt":"2023-10-20T13:05:03","slug":"blue-light-energy-ingreso-proyecto-de-parque-solar-a-evaluacion-ambiental","status":"publish","type":"post","link":"https:\/\/prodelcobre.cl\/nueva\/blue-light-energy-ingreso-proyecto-de-parque-solar-a-evaluacion-ambiental\/","title":{"rendered":"Blue Light Energy ingres\u00f3 proyecto de parque solar a evaluaci\u00f3n ambiental"},"content":{"rendered":"\n<h2 class=\"wp-block-heading\">El proyecto ubicado en Osorno tendr\u00e1 una inversi\u00f3n de US $31 millones, y estar\u00e1 emplazado en 20 hect\u00e1reas. <\/h2>\n\n\n\n<p class=\"has-medium-font-size\">Blue Light Energy ingres\u00f3 a evaluaci\u00f3n ambiental su &#8220;Parque Solar Pampa Alegre&#8221; ubicado en la comuna de Osorno, Regi\u00f3n de Los Lagos, el cual consta de <strong>23.430 paneles solares<\/strong>. En total, el proyecto -que ser\u00e1 emplazado en 20 hect\u00e1reas- inyectar\u00e1 una potencia de&nbsp;<strong>9 MW<\/strong>, con un peak de energ\u00eda de 15 MW.&nbsp;<\/p>\n\n\n\n<p class=\"has-medium-font-size\">El objetivo del proyecto es producir energ\u00eda el\u00e9ctrica e inyectarla al Sistema El\u00e9ctrico Nacional (SEN) gracias a la&nbsp;<strong>radiaci\u00f3n solar<\/strong>&nbsp;como fuente de Energ\u00eda Renovable No Convencional (ERNC).&nbsp;<\/p>\n\n\n\n<p class=\"has-medium-font-size\">El parque que considera una inversi\u00f3n de US $31 millones, considera una&nbsp;<strong>vida \u00fatil de 26 a\u00f1os<\/strong>, y 6 meses de fase construcci\u00f3n, y contar\u00e1 con un sistema Sistema de Almacenamiento de Energ\u00eda por Bater\u00edas.<\/p>\n","protected":false},"excerpt":{"rendered":"<p>El proyecto ubicado en Osorno tendr\u00e1 una inversi\u00f3n de US $31 millones, y estar\u00e1 emplazado en 20 hect\u00e1reas.<\/p>\n","protected":false},"author":3,"featured_media":5212,"comment_status":"closed","ping_status":"closed","sticky":false,"template":"","format":"standard","meta":{"footnotes":""},"categories":[51,59,52],"tags":[90],"class_list":["post-9256","post","type-post","status-publish","format-standard","has-post-thumbnail","hentry","category-chile","category-energia","category-noticias","tag-energia"],"rttpg_featured_image_url":{"full":["https:\/\/prodelcobre.cl\/nueva\/wp-content\/uploads\/2022\/04\/panel-solar-freepik.jpg",765,509,false],"landscape":["https:\/\/prodelcobre.cl\/nueva\/wp-content\/uploads\/2022\/04\/panel-solar-freepik.jpg",765,509,false],"portraits":["https:\/\/prodelcobre.cl\/nueva\/wp-content\/uploads\/2022\/04\/panel-solar-freepik.jpg",765,509,false],"thumbnail":["https:\/\/prodelcobre.cl\/nueva\/wp-content\/uploads\/2022\/04\/panel-solar-freepik-150x150.jpg",150,150,true],"medium":["https:\/\/prodelcobre.cl\/nueva\/wp-content\/uploads\/2022\/04\/panel-solar-freepik.jpg",765,509,false],"large":["https:\/\/prodelcobre.cl\/nueva\/wp-content\/uploads\/2022\/04\/panel-solar-freepik.jpg",765,509,false],"1536x1536":["https:\/\/prodelcobre.cl\/nueva\/wp-content\/uploads\/2022\/04\/panel-solar-freepik.jpg",765,509,false],"2048x2048":["https:\/\/prodelcobre.cl\/nueva\/wp-content\/uploads\/2022\/04\/panel-solar-freepik.jpg",765,509,false],"morenews-featured":["https:\/\/prodelcobre.cl\/nueva\/wp-content\/uploads\/2022\/04\/panel-solar-freepik.jpg",765,509,false],"morenews-large":["https:\/\/prodelcobre.cl\/nueva\/wp-content\/uploads\/2022\/04\/panel-solar-freepik.jpg",765,509,false],"morenews-medium":["https:\/\/prodelcobre.cl\/nueva\/wp-content\/uploads\/2022\/04\/panel-solar-freepik.jpg",590,393,false],"psacp-medium":["https:\/\/prodelcobre.cl\/nueva\/wp-content\/uploads\/2022\/04\/panel-solar-freepik.jpg",500,333,false]},"rttpg_author":{"display_name":"Francisco P\u00e9rez Alvi\u00e1rez","author_link":"https:\/\/prodelcobre.cl\/nueva\/author\/fperez\/"},"rttpg_comment":0,"rttpg_category":"<a href=\"https:\/\/prodelcobre.cl\/nueva\/category\/chile\/\" rel=\"category tag\">Chile<\/a> <a href=\"https:\/\/prodelcobre.cl\/nueva\/category\/energia\/\" rel=\"category tag\">Energ\u00eda<\/a> <a href=\"https:\/\/prodelcobre.cl\/nueva\/category\/noticias\/\" rel=\"category tag\">Noticias<\/a>","rttpg_excerpt":"El proyecto ubicado en Osorno tendr\u00e1 una inversi\u00f3n de US $31 millones, y estar\u00e1 emplazado en 20 hect\u00e1reas.","_links":{"self":[{"href":"https:\/\/prodelcobre.cl\/nueva\/wp-json\/wp\/v2\/posts\/9256","targetHints":{"allow":["GET"]}}],"collection":[{"href":"https:\/\/prodelcobre.cl\/nueva\/wp-json\/wp\/v2\/posts"}],"about":[{"href":"https:\/\/prodelcobre.cl\/nueva\/wp-json\/wp\/v2\/types\/post"}],"author":[{"embeddable":true,"href":"https:\/\/prodelcobre.cl\/nueva\/wp-json\/wp\/v2\/users\/3"}],"replies":[{"embeddable":true,"href":"https:\/\/prodelcobre.cl\/nueva\/wp-json\/wp\/v2\/comments?post=9256"}],"version-history":[{"count":1,"href":"https:\/\/prodelcobre.cl\/nueva\/wp-json\/wp\/v2\/posts\/9256\/revisions"}],"predecessor-version":[{"id":9257,"href":"https:\/\/prodelcobre.cl\/nueva\/wp-json\/wp\/v2\/posts\/9256\/revisions\/9257"}],"wp:featuredmedia":[{"embeddable":true,"href":"https:\/\/prodelcobre.cl\/nueva\/wp-json\/wp\/v2\/media\/5212"}],"wp:attachment":[{"href":"https:\/\/prodelcobre.cl\/nueva\/wp-json\/wp\/v2\/media?parent=9256"}],"wp:term":[{"taxonomy":"category","embeddable":true,"href":"https:\/\/prodelcobre.cl\/nueva\/wp-json\/wp\/v2\/categories?post=9256"},{"taxonomy":"post_tag","embeddable":true,"href":"https:\/\/prodelcobre.cl\/nueva\/wp-json\/wp\/v2\/tags?post=9256"}],"curies":[{"name":"wp","href":"https:\/\/api.w.org\/{rel}","templated":true}]}}