{"id":9258,"date":"2023-10-20T11:05:15","date_gmt":"2023-10-20T14:05:15","guid":{"rendered":"https:\/\/prodelcobre.cl\/nueva\/?p=9258"},"modified":"2023-10-20T11:05:16","modified_gmt":"2023-10-20T14:05:16","slug":"empresa-espanola-ingreso-dos-proyectos-solares-a-tramitacion-ambiental-por-us-407-millones","status":"publish","type":"post","link":"https:\/\/prodelcobre.cl\/nueva\/empresa-espanola-ingreso-dos-proyectos-solares-a-tramitacion-ambiental-por-us-407-millones\/","title":{"rendered":"Empresa espa\u00f1ola ingres\u00f3 dos proyectos solares a tramitaci\u00f3n ambiental por US $407 millones"},"content":{"rendered":"\n<h2 class=\"wp-block-heading\">El proyecto contempla un total de&nbsp;240.000 paneles solares, y se ubicar\u00e1 en la comuna de&nbsp;<strong>Catemu<\/strong>, Regi\u00f3n de Valpara\u00edso.&nbsp;<\/h2>\n\n\n\n<p class=\"has-medium-font-size\">Grenergy ingres\u00f3 el tramite ambiental por dos proyectos en las regiones de Valpara\u00edso y O&#8217;Higgins, por un total de m\u00e1s de US $407 millones llamados \u201cParque Fotovoltaico Triqueta\u201d y \u201cPlanta Fotovoltaica Punta de Cort\u00e9s\u201d. <strong>Ambos proyectos fueron ingresados al Servicio de Evaluaci\u00f3n Ambiental (SEA) el pasado 18 de octubre, y en su conjunto sumar\u00edan&nbsp;<strong>165 MW<\/strong>&nbsp;al Sistema El\u00e9ctrico Nacional (SEN).<\/strong><\/p>\n\n\n\n<p class=\"has-medium-font-size\">De acuerdo a la Declaraci\u00f3n de Impacto Ambiental (DIA) ingresada al SEA, el proyecto -que calcula una vida \u00fatil de 30 a\u00f1os- tendr\u00e1 una inversi\u00f3n de&nbsp;<strong>US $385 millones<\/strong>, y contar\u00e1 con una potencia total instalada de&nbsp;<strong>156 MW<\/strong>, que ser\u00e1 inyectada al SEN.<\/p>\n","protected":false},"excerpt":{"rendered":"<p>El proyecto contempla un total de&nbsp;240.000 paneles solares, y se ubicar\u00e1 en la comuna de&nbsp;Catemu, Regi\u00f3n de Valpara\u00edso.&nbsp;<\/p>\n","protected":false},"author":3,"featured_media":5243,"comment_status":"closed","ping_status":"closed","sticky":false,"template":"","format":"standard","meta":{"footnotes":""},"categories":[51,59,52],"tags":[90],"class_list":["post-9258","post","type-post","status-publish","format-standard","has-post-thumbnail","hentry","category-chile","category-energia","category-noticias","tag-energia"],"rttpg_featured_image_url":{"full":["https:\/\/prodelcobre.cl\/nueva\/wp-content\/uploads\/2022\/04\/energia.jpg",717,472,false],"landscape":["https:\/\/prodelcobre.cl\/nueva\/wp-content\/uploads\/2022\/04\/energia.jpg",717,472,false],"portraits":["https:\/\/prodelcobre.cl\/nueva\/wp-content\/uploads\/2022\/04\/energia.jpg",717,472,false],"thumbnail":["https:\/\/prodelcobre.cl\/nueva\/wp-content\/uploads\/2022\/04\/energia-150x150.jpg",150,150,true],"medium":["https:\/\/prodelcobre.cl\/nueva\/wp-content\/uploads\/2022\/04\/energia.jpg",717,472,false],"large":["https:\/\/prodelcobre.cl\/nueva\/wp-content\/uploads\/2022\/04\/energia.jpg",717,472,false],"1536x1536":["https:\/\/prodelcobre.cl\/nueva\/wp-content\/uploads\/2022\/04\/energia.jpg",717,472,false],"2048x2048":["https:\/\/prodelcobre.cl\/nueva\/wp-content\/uploads\/2022\/04\/energia.jpg",717,472,false],"morenews-featured":["https:\/\/prodelcobre.cl\/nueva\/wp-content\/uploads\/2022\/04\/energia.jpg",717,472,false],"morenews-large":["https:\/\/prodelcobre.cl\/nueva\/wp-content\/uploads\/2022\/04\/energia.jpg",717,472,false],"morenews-medium":["https:\/\/prodelcobre.cl\/nueva\/wp-content\/uploads\/2022\/04\/energia.jpg",590,388,false],"psacp-medium":["https:\/\/prodelcobre.cl\/nueva\/wp-content\/uploads\/2022\/04\/energia.jpg",500,329,false]},"rttpg_author":{"display_name":"Francisco P\u00e9rez Alvi\u00e1rez","author_link":"https:\/\/prodelcobre.cl\/nueva\/author\/fperez\/"},"rttpg_comment":0,"rttpg_category":"<a href=\"https:\/\/prodelcobre.cl\/nueva\/category\/chile\/\" rel=\"category tag\">Chile<\/a> <a href=\"https:\/\/prodelcobre.cl\/nueva\/category\/energia\/\" rel=\"category tag\">Energ\u00eda<\/a> <a href=\"https:\/\/prodelcobre.cl\/nueva\/category\/noticias\/\" rel=\"category tag\">Noticias<\/a>","rttpg_excerpt":"El proyecto contempla un total de&nbsp;240.000 paneles solares, y se ubicar\u00e1 en la comuna de&nbsp;Catemu, Regi\u00f3n de Valpara\u00edso.&nbsp;","_links":{"self":[{"href":"https:\/\/prodelcobre.cl\/nueva\/wp-json\/wp\/v2\/posts\/9258","targetHints":{"allow":["GET"]}}],"collection":[{"href":"https:\/\/prodelcobre.cl\/nueva\/wp-json\/wp\/v2\/posts"}],"about":[{"href":"https:\/\/prodelcobre.cl\/nueva\/wp-json\/wp\/v2\/types\/post"}],"author":[{"embeddable":true,"href":"https:\/\/prodelcobre.cl\/nueva\/wp-json\/wp\/v2\/users\/3"}],"replies":[{"embeddable":true,"href":"https:\/\/prodelcobre.cl\/nueva\/wp-json\/wp\/v2\/comments?post=9258"}],"version-history":[{"count":1,"href":"https:\/\/prodelcobre.cl\/nueva\/wp-json\/wp\/v2\/posts\/9258\/revisions"}],"predecessor-version":[{"id":9259,"href":"https:\/\/prodelcobre.cl\/nueva\/wp-json\/wp\/v2\/posts\/9258\/revisions\/9259"}],"wp:featuredmedia":[{"embeddable":true,"href":"https:\/\/prodelcobre.cl\/nueva\/wp-json\/wp\/v2\/media\/5243"}],"wp:attachment":[{"href":"https:\/\/prodelcobre.cl\/nueva\/wp-json\/wp\/v2\/media?parent=9258"}],"wp:term":[{"taxonomy":"category","embeddable":true,"href":"https:\/\/prodelcobre.cl\/nueva\/wp-json\/wp\/v2\/categories?post=9258"},{"taxonomy":"post_tag","embeddable":true,"href":"https:\/\/prodelcobre.cl\/nueva\/wp-json\/wp\/v2\/tags?post=9258"}],"curies":[{"name":"wp","href":"https:\/\/api.w.org\/{rel}","templated":true}]}}