{"id":9263,"date":"2023-10-23T09:40:13","date_gmt":"2023-10-23T12:40:13","guid":{"rendered":"https:\/\/prodelcobre.cl\/nueva\/?p=9263"},"modified":"2023-10-23T09:40:13","modified_gmt":"2023-10-23T12:40:13","slug":"ministra-aurora-williams-dara-el-discurso-inaugural-del-seminario-desafios-de-la-mineria-al-2030-en-antofagasta","status":"publish","type":"post","link":"https:\/\/prodelcobre.cl\/nueva\/ministra-aurora-williams-dara-el-discurso-inaugural-del-seminario-desafios-de-la-mineria-al-2030-en-antofagasta\/","title":{"rendered":"Ministra Aurora Williams dar\u00e1 el discurso inaugural del Seminario &#8220;Desaf\u00edos de la Miner\u00eda al 2030&#8221; en Antofagasta"},"content":{"rendered":"\n<h2 class=\"wp-block-heading\">La principal representante de la cartera minera ser\u00e1 la encargada de brindar el discurso de apertura de este importante evento en la ciudad de Antofagasta.<\/h2>\n\n\n\n<p class=\"has-medium-font-size\">El 28 y 29 de noviembre, Antofagasta se convertir\u00e1 en la sede de la segunda edici\u00f3n del Seminario Desaf\u00edos de la Miner\u00eda al 2030, un evento producido por el Grupo Period\u00edstico Industrial, de la mano de sus auspiciantes, as\u00ed como con la cobertura de las revistas AMagazine y Profesionales Candelaria.<\/p>\n\n\n\n<p class=\"has-medium-font-size\">El evento contar\u00e1 con una importante cantidad de expositores en temas referentes a las inversiones en litio, hidr\u00f3geno verde, innovaci\u00f3n social e inversi\u00f3n sostenible, inversiones y desaf\u00edos en tierras raras, tecnolog\u00eda, operaciones, entre otros temas de importancia para entender el presente y futuro del mundo minero.<\/p>\n\n\n\n<p class=\"has-medium-font-size\">Para conocer mucho m\u00e1s de este importante seminario de dos d\u00edas es necesario entrar en el link <a href=\"https:\/\/seminario.gpispa.cl\/\" target=\"_blank\" rel=\"noreferrer noopener\">https:\/\/seminario.gpispa.cl\/<\/a><\/p>\n","protected":false},"excerpt":{"rendered":"<p>La principal representante de la cartera minera ser\u00e1 la encargada de brindar el discurso de apertura de este<\/p>\n","protected":false},"author":3,"featured_media":9011,"comment_status":"closed","ping_status":"","sticky":false,"template":"","format":"standard","meta":{"footnotes":""},"categories":[51,52],"tags":[179,89,98],"class_list":["post-9263","post","type-post","status-publish","format-standard","has-post-thumbnail","hentry","category-chile","category-noticias","tag-antofagasta","tag-mineria-4","tag-seminario-2"],"rttpg_featured_image_url":{"full":["https:\/\/prodelcobre.cl\/nueva\/wp-content\/uploads\/2023\/09\/Ministra-williams.jpg",954,453,false],"landscape":["https:\/\/prodelcobre.cl\/nueva\/wp-content\/uploads\/2023\/09\/Ministra-williams.jpg",954,453,false],"portraits":["https:\/\/prodelcobre.cl\/nueva\/wp-content\/uploads\/2023\/09\/Ministra-williams.jpg",954,453,false],"thumbnail":["https:\/\/prodelcobre.cl\/nueva\/wp-content\/uploads\/2023\/09\/Ministra-williams-150x150.jpg",150,150,true],"medium":["https:\/\/prodelcobre.cl\/nueva\/wp-content\/uploads\/2023\/09\/Ministra-williams.jpg",954,453,false],"large":["https:\/\/prodelcobre.cl\/nueva\/wp-content\/uploads\/2023\/09\/Ministra-williams.jpg",954,453,false],"1536x1536":["https:\/\/prodelcobre.cl\/nueva\/wp-content\/uploads\/2023\/09\/Ministra-williams.jpg",954,453,false],"2048x2048":["https:\/\/prodelcobre.cl\/nueva\/wp-content\/uploads\/2023\/09\/Ministra-williams.jpg",954,453,false],"morenews-featured":["https:\/\/prodelcobre.cl\/nueva\/wp-content\/uploads\/2023\/09\/Ministra-williams.jpg",954,453,false],"morenews-large":["https:\/\/prodelcobre.cl\/nueva\/wp-content\/uploads\/2023\/09\/Ministra-williams-825x453.jpg",825,453,true],"morenews-medium":["https:\/\/prodelcobre.cl\/nueva\/wp-content\/uploads\/2023\/09\/Ministra-williams-590x410.jpg",590,410,true],"psacp-medium":["https:\/\/prodelcobre.cl\/nueva\/wp-content\/uploads\/2023\/09\/Ministra-williams.jpg",500,237,false]},"rttpg_author":{"display_name":"Francisco P\u00e9rez Alvi\u00e1rez","author_link":"https:\/\/prodelcobre.cl\/nueva\/author\/fperez\/"},"rttpg_comment":0,"rttpg_category":"<a href=\"https:\/\/prodelcobre.cl\/nueva\/category\/chile\/\" rel=\"category tag\">Chile<\/a> <a href=\"https:\/\/prodelcobre.cl\/nueva\/category\/noticias\/\" rel=\"category tag\">Noticias<\/a>","rttpg_excerpt":"La principal representante de la cartera minera ser\u00e1 la encargada de brindar el discurso de apertura de este","_links":{"self":[{"href":"https:\/\/prodelcobre.cl\/nueva\/wp-json\/wp\/v2\/posts\/9263","targetHints":{"allow":["GET"]}}],"collection":[{"href":"https:\/\/prodelcobre.cl\/nueva\/wp-json\/wp\/v2\/posts"}],"about":[{"href":"https:\/\/prodelcobre.cl\/nueva\/wp-json\/wp\/v2\/types\/post"}],"author":[{"embeddable":true,"href":"https:\/\/prodelcobre.cl\/nueva\/wp-json\/wp\/v2\/users\/3"}],"replies":[{"embeddable":true,"href":"https:\/\/prodelcobre.cl\/nueva\/wp-json\/wp\/v2\/comments?post=9263"}],"version-history":[{"count":1,"href":"https:\/\/prodelcobre.cl\/nueva\/wp-json\/wp\/v2\/posts\/9263\/revisions"}],"predecessor-version":[{"id":9264,"href":"https:\/\/prodelcobre.cl\/nueva\/wp-json\/wp\/v2\/posts\/9263\/revisions\/9264"}],"wp:featuredmedia":[{"embeddable":true,"href":"https:\/\/prodelcobre.cl\/nueva\/wp-json\/wp\/v2\/media\/9011"}],"wp:attachment":[{"href":"https:\/\/prodelcobre.cl\/nueva\/wp-json\/wp\/v2\/media?parent=9263"}],"wp:term":[{"taxonomy":"category","embeddable":true,"href":"https:\/\/prodelcobre.cl\/nueva\/wp-json\/wp\/v2\/categories?post=9263"},{"taxonomy":"post_tag","embeddable":true,"href":"https:\/\/prodelcobre.cl\/nueva\/wp-json\/wp\/v2\/tags?post=9263"}],"curies":[{"name":"wp","href":"https:\/\/api.w.org\/{rel}","templated":true}]}}