{"id":9265,"date":"2023-10-23T10:55:38","date_gmt":"2023-10-23T13:55:38","guid":{"rendered":"https:\/\/prodelcobre.cl\/nueva\/?p=9265"},"modified":"2023-10-23T10:55:39","modified_gmt":"2023-10-23T13:55:39","slug":"enami-y-seremis-de-mineria-realizaron-actividad-para-el-desarrollo-de-oro-aluvial-en-el-sur","status":"publish","type":"post","link":"https:\/\/prodelcobre.cl\/nueva\/enami-y-seremis-de-mineria-realizaron-actividad-para-el-desarrollo-de-oro-aluvial-en-el-sur\/","title":{"rendered":"Enami y Seremis de miner\u00eda realizaron actividad para el desarrollo de oro aluvial en el sur"},"content":{"rendered":"\n<h2 class=\"wp-block-heading\">La actividad fue desarrollada en conjunto con las seremis de Miner\u00eda de las regiones de Biob\u00edo, La Araucan\u00eda, Los R\u00edos, y que involucr\u00f3, la activa participaci\u00f3n Sernageomin y la Universidad Austral de Chile..<\/h2>\n\n\n\n<p class=\"has-medium-font-size\">El pasado 12 de octubre se llev\u00f3 a cabo la &#8220;Cl\u00ednica de Exploraci\u00f3n y Explotaci\u00f3n del Oro Aluvial&#8221;, una actividad que reuni\u00f3 a 30 peque\u00f1os mineros, contando con el apoyo de las seremis de Miner\u00eda de las regiones de Biob\u00edo, La Araucan\u00eda, Los R\u00edos, y que involucr\u00f3, la activa participaci\u00f3n Sernageomin y la Universidad Austral de Chile.<\/p>\n\n\n\n<p class=\"has-medium-font-size\">El oro aluvial, seg\u00fan los peque\u00f1os mineros, se encuentra debajo de la superficie en el fondo de r\u00edos y arroyos. Su proceso de extracci\u00f3n de oro, desde estos reducidos cursos de agua es considerado&nbsp;<strong>sustentable y respetuoso con el medio ambiente<\/strong>, comparado con el impacto que genera la miner\u00eda subterr\u00e1nea.<\/p>\n","protected":false},"excerpt":{"rendered":"<p>La actividad fue desarrollada en conjunto con las seremis de Miner\u00eda de las regiones de Biob\u00edo, La Araucan\u00eda,<\/p>\n","protected":false},"author":3,"featured_media":6622,"comment_status":"closed","ping_status":"closed","sticky":false,"template":"","format":"standard","meta":{"footnotes":""},"categories":[51,52],"tags":[89,279],"class_list":["post-9265","post","type-post","status-publish","format-standard","has-post-thumbnail","hentry","category-chile","category-noticias","tag-mineria-4","tag-oro"],"rttpg_featured_image_url":{"full":["https:\/\/prodelcobre.cl\/nueva\/wp-content\/uploads\/2022\/10\/oro-1-e1576787911605.jpg",800,416,false],"landscape":["https:\/\/prodelcobre.cl\/nueva\/wp-content\/uploads\/2022\/10\/oro-1-e1576787911605.jpg",800,416,false],"portraits":["https:\/\/prodelcobre.cl\/nueva\/wp-content\/uploads\/2022\/10\/oro-1-e1576787911605.jpg",800,416,false],"thumbnail":["https:\/\/prodelcobre.cl\/nueva\/wp-content\/uploads\/2022\/10\/oro-1-e1576787911605-150x150.jpg",150,150,true],"medium":["https:\/\/prodelcobre.cl\/nueva\/wp-content\/uploads\/2022\/10\/oro-1-e1576787911605.jpg",800,416,false],"large":["https:\/\/prodelcobre.cl\/nueva\/wp-content\/uploads\/2022\/10\/oro-1-e1576787911605.jpg",800,416,false],"1536x1536":["https:\/\/prodelcobre.cl\/nueva\/wp-content\/uploads\/2022\/10\/oro-1-e1576787911605.jpg",800,416,false],"2048x2048":["https:\/\/prodelcobre.cl\/nueva\/wp-content\/uploads\/2022\/10\/oro-1-e1576787911605.jpg",800,416,false],"morenews-featured":["https:\/\/prodelcobre.cl\/nueva\/wp-content\/uploads\/2022\/10\/oro-1-e1576787911605.jpg",800,416,false],"morenews-large":["https:\/\/prodelcobre.cl\/nueva\/wp-content\/uploads\/2022\/10\/oro-1-e1576787911605.jpg",800,416,false],"morenews-medium":["https:\/\/prodelcobre.cl\/nueva\/wp-content\/uploads\/2022\/10\/oro-1-e1576787911605.jpg",590,307,false],"psacp-medium":["https:\/\/prodelcobre.cl\/nueva\/wp-content\/uploads\/2022\/10\/oro-1-e1576787911605.jpg",500,260,false]},"rttpg_author":{"display_name":"Francisco P\u00e9rez Alvi\u00e1rez","author_link":"https:\/\/prodelcobre.cl\/nueva\/author\/fperez\/"},"rttpg_comment":0,"rttpg_category":"<a href=\"https:\/\/prodelcobre.cl\/nueva\/category\/chile\/\" rel=\"category tag\">Chile<\/a> <a href=\"https:\/\/prodelcobre.cl\/nueva\/category\/noticias\/\" rel=\"category tag\">Noticias<\/a>","rttpg_excerpt":"La actividad fue desarrollada en conjunto con las seremis de Miner\u00eda de las regiones de Biob\u00edo, La Araucan\u00eda,","_links":{"self":[{"href":"https:\/\/prodelcobre.cl\/nueva\/wp-json\/wp\/v2\/posts\/9265","targetHints":{"allow":["GET"]}}],"collection":[{"href":"https:\/\/prodelcobre.cl\/nueva\/wp-json\/wp\/v2\/posts"}],"about":[{"href":"https:\/\/prodelcobre.cl\/nueva\/wp-json\/wp\/v2\/types\/post"}],"author":[{"embeddable":true,"href":"https:\/\/prodelcobre.cl\/nueva\/wp-json\/wp\/v2\/users\/3"}],"replies":[{"embeddable":true,"href":"https:\/\/prodelcobre.cl\/nueva\/wp-json\/wp\/v2\/comments?post=9265"}],"version-history":[{"count":1,"href":"https:\/\/prodelcobre.cl\/nueva\/wp-json\/wp\/v2\/posts\/9265\/revisions"}],"predecessor-version":[{"id":9266,"href":"https:\/\/prodelcobre.cl\/nueva\/wp-json\/wp\/v2\/posts\/9265\/revisions\/9266"}],"wp:featuredmedia":[{"embeddable":true,"href":"https:\/\/prodelcobre.cl\/nueva\/wp-json\/wp\/v2\/media\/6622"}],"wp:attachment":[{"href":"https:\/\/prodelcobre.cl\/nueva\/wp-json\/wp\/v2\/media?parent=9265"}],"wp:term":[{"taxonomy":"category","embeddable":true,"href":"https:\/\/prodelcobre.cl\/nueva\/wp-json\/wp\/v2\/categories?post=9265"},{"taxonomy":"post_tag","embeddable":true,"href":"https:\/\/prodelcobre.cl\/nueva\/wp-json\/wp\/v2\/tags?post=9265"}],"curies":[{"name":"wp","href":"https:\/\/api.w.org\/{rel}","templated":true}]}}