{"id":9267,"date":"2023-10-23T11:55:32","date_gmt":"2023-10-23T14:55:32","guid":{"rendered":"https:\/\/prodelcobre.cl\/nueva\/?p=9267"},"modified":"2023-10-23T11:55:33","modified_gmt":"2023-10-23T14:55:33","slug":"dieron-luz-verde-a-proyecto-de-adaptacion-operacional-de-los-pelambres","status":"publish","type":"post","link":"https:\/\/prodelcobre.cl\/nueva\/dieron-luz-verde-a-proyecto-de-adaptacion-operacional-de-los-pelambres\/","title":{"rendered":"Dieron luz verde a proyecto de adaptaci\u00f3n operacional de Los Pelambres"},"content":{"rendered":"\n<h2 class=\"wp-block-heading\">Los Pelambres ser\u00e1 la primera minera de la zona central de Chile que integrar\u00e1 agua de mar a su operaci\u00f3n regular con este proyecto de adaptaci\u00f3n operacional.<\/h2>\n\n\n\n<p class=\"has-medium-font-size\">La Comisi\u00f3n de Evaluaci\u00f3n aprob\u00f3 con 12 votos el proyecto de adaptaci\u00f3n operacional de Minera Los Pelambres, donde se plante\u00f3 operar principalmente con agua de mar desalada y recirculada, en el marco de los proyectos contra el cambio clim\u00e1tico y afectaciones de la sequ\u00eda en el pa\u00eds.<\/p>\n\n\n\n<p class=\"has-medium-font-size\">Los Pelambres ser\u00e1 la primera minera de la zona central de Chile que integrar\u00e1 agua de mar a su operaci\u00f3n regular en un proyecto que contempla una inversi\u00f3n de US $1.000 millones, logrando reducir al menos 10% de utilizaci\u00f3n de agua del r\u00edo Choapa, as\u00ed como modernizar el concentraducto. <\/p>\n","protected":false},"excerpt":{"rendered":"<p>Los Pelambres ser\u00e1 la primera minera de la zona central de Chile que integrar\u00e1 agua de mar a<\/p>\n","protected":false},"author":3,"featured_media":4635,"comment_status":"closed","ping_status":"closed","sticky":false,"template":"","format":"standard","meta":{"footnotes":""},"categories":[51,52],"tags":[240,89],"class_list":["post-9267","post","type-post","status-publish","format-standard","has-post-thumbnail","hentry","category-chile","category-noticias","tag-agua","tag-mineria-4"],"rttpg_featured_image_url":{"full":["https:\/\/prodelcobre.cl\/nueva\/wp-content\/uploads\/2022\/01\/agua-internet-2.jpg",1000,665,false],"landscape":["https:\/\/prodelcobre.cl\/nueva\/wp-content\/uploads\/2022\/01\/agua-internet-2.jpg",1000,665,false],"portraits":["https:\/\/prodelcobre.cl\/nueva\/wp-content\/uploads\/2022\/01\/agua-internet-2.jpg",1000,665,false],"thumbnail":["https:\/\/prodelcobre.cl\/nueva\/wp-content\/uploads\/2022\/01\/agua-internet-2-150x150.jpg",150,150,true],"medium":["https:\/\/prodelcobre.cl\/nueva\/wp-content\/uploads\/2022\/01\/agua-internet-2.jpg",1000,665,false],"large":["https:\/\/prodelcobre.cl\/nueva\/wp-content\/uploads\/2022\/01\/agua-internet-2.jpg",1000,665,false],"1536x1536":["https:\/\/prodelcobre.cl\/nueva\/wp-content\/uploads\/2022\/01\/agua-internet-2.jpg",1000,665,false],"2048x2048":["https:\/\/prodelcobre.cl\/nueva\/wp-content\/uploads\/2022\/01\/agua-internet-2.jpg",1000,665,false],"morenews-featured":["https:\/\/prodelcobre.cl\/nueva\/wp-content\/uploads\/2022\/01\/agua-internet-2.jpg",1000,665,false],"morenews-large":["https:\/\/prodelcobre.cl\/nueva\/wp-content\/uploads\/2022\/01\/agua-internet-2.jpg",825,549,false],"morenews-medium":["https:\/\/prodelcobre.cl\/nueva\/wp-content\/uploads\/2022\/01\/agua-internet-2.jpg",590,392,false],"psacp-medium":["https:\/\/prodelcobre.cl\/nueva\/wp-content\/uploads\/2022\/01\/agua-internet-2.jpg",500,333,false]},"rttpg_author":{"display_name":"Francisco P\u00e9rez Alvi\u00e1rez","author_link":"https:\/\/prodelcobre.cl\/nueva\/author\/fperez\/"},"rttpg_comment":0,"rttpg_category":"<a href=\"https:\/\/prodelcobre.cl\/nueva\/category\/chile\/\" rel=\"category tag\">Chile<\/a> <a href=\"https:\/\/prodelcobre.cl\/nueva\/category\/noticias\/\" rel=\"category tag\">Noticias<\/a>","rttpg_excerpt":"Los Pelambres ser\u00e1 la primera minera de la zona central de Chile que integrar\u00e1 agua de mar a","_links":{"self":[{"href":"https:\/\/prodelcobre.cl\/nueva\/wp-json\/wp\/v2\/posts\/9267","targetHints":{"allow":["GET"]}}],"collection":[{"href":"https:\/\/prodelcobre.cl\/nueva\/wp-json\/wp\/v2\/posts"}],"about":[{"href":"https:\/\/prodelcobre.cl\/nueva\/wp-json\/wp\/v2\/types\/post"}],"author":[{"embeddable":true,"href":"https:\/\/prodelcobre.cl\/nueva\/wp-json\/wp\/v2\/users\/3"}],"replies":[{"embeddable":true,"href":"https:\/\/prodelcobre.cl\/nueva\/wp-json\/wp\/v2\/comments?post=9267"}],"version-history":[{"count":1,"href":"https:\/\/prodelcobre.cl\/nueva\/wp-json\/wp\/v2\/posts\/9267\/revisions"}],"predecessor-version":[{"id":9268,"href":"https:\/\/prodelcobre.cl\/nueva\/wp-json\/wp\/v2\/posts\/9267\/revisions\/9268"}],"wp:featuredmedia":[{"embeddable":true,"href":"https:\/\/prodelcobre.cl\/nueva\/wp-json\/wp\/v2\/media\/4635"}],"wp:attachment":[{"href":"https:\/\/prodelcobre.cl\/nueva\/wp-json\/wp\/v2\/media?parent=9267"}],"wp:term":[{"taxonomy":"category","embeddable":true,"href":"https:\/\/prodelcobre.cl\/nueva\/wp-json\/wp\/v2\/categories?post=9267"},{"taxonomy":"post_tag","embeddable":true,"href":"https:\/\/prodelcobre.cl\/nueva\/wp-json\/wp\/v2\/tags?post=9267"}],"curies":[{"name":"wp","href":"https:\/\/api.w.org\/{rel}","templated":true}]}}