{"id":9269,"date":"2023-10-23T13:09:10","date_gmt":"2023-10-23T16:09:10","guid":{"rendered":"https:\/\/prodelcobre.cl\/nueva\/?p=9269"},"modified":"2023-10-23T16:08:42","modified_gmt":"2023-10-23T19:08:42","slug":"subsecretaria-suina-chahuan-encabezo-dialogos-por-la-estrategia-nacional-del-litio-en-antofagasta","status":"publish","type":"post","link":"https:\/\/prodelcobre.cl\/nueva\/subsecretaria-suina-chahuan-encabezo-dialogos-por-la-estrategia-nacional-del-litio-en-antofagasta\/","title":{"rendered":"Subsecretaria Suina Chahu\u00e1n encabez\u00f3 di\u00e1logos por la Estrategia Nacional del Litio en Antofagasta"},"content":{"rendered":"\n<h2 class=\"wp-block-heading\">Estuvieron presentes el gobernador Ricardo D\u00edaz; la delegada presidencial regional, Karen Behrens; la seremi de Miner\u00eda, Macarena Barramu\u00f1o; el rector de la Universidad Cat\u00f3lica del Norte, Rodrigo Alda; adem\u00e1s de autoridades regionales, acad\u00e9micos y parlamentarios.<\/h2>\n\n\n\n<p class=\"has-medium-font-size\">El Ministerio de Miner\u00eda encabez\u00f3 por medio de la subsecretaria Suina Chahu\u00e1n, una reuni\u00f3n para recoger percepciones, inquietudes y propuestas en torno a la Estrategia Nacional del Litio, donde participaron el gobernador regional, Ricardo D\u00edaz; la delegada presidencial regional, Karen Behrens; la seremi de Miner\u00eda, Macarena Barramu\u00f1o; el rector de la Universidad Cat\u00f3lica del Norte, Rodrigo Alda; adem\u00e1s de autoridades regionales, acad\u00e9micos y parlamentarios.<\/p>\n\n\n\n<p class=\"has-medium-font-size\">Las autoridades invitaron a todas las personas y organizaciones de la regi\u00f3n a sumarse a los Di\u00e1logos por la Estrategia del Litio, que continuar\u00e1n desarroll\u00e1ndose durante las pr\u00f3ximas semanas y a informarse m\u00e1s de ellos en la p\u00e1gina de Participaci\u00f3n del Ministerio de Miner\u00eda:&nbsp;<a href=\"https:\/\/participa.minmineria.gob.cl\/\" target=\"_blank\" rel=\"noreferrer noopener\">https:\/\/participa.minmineria.gob.cl\/<\/a><\/p>\n","protected":false},"excerpt":{"rendered":"<p>Estuvieron presentes el gobernador Ricardo D\u00edaz; la delegada presidencial regional, Karen Behrens; la seremi de Miner\u00eda, Macarena Barramu\u00f1o;<\/p>\n","protected":false},"author":3,"featured_media":5173,"comment_status":"closed","ping_status":"closed","sticky":false,"template":"","format":"standard","meta":{"footnotes":""},"categories":[51,52],"tags":[100,75],"class_list":["post-9269","post","type-post","status-publish","format-standard","has-post-thumbnail","hentry","category-chile","category-noticias","tag-litio","tag-mineria-3"],"rttpg_featured_image_url":{"full":["https:\/\/prodelcobre.cl\/nueva\/wp-content\/uploads\/2022\/04\/freepik.jpg",904,492,false],"landscape":["https:\/\/prodelcobre.cl\/nueva\/wp-content\/uploads\/2022\/04\/freepik.jpg",904,492,false],"portraits":["https:\/\/prodelcobre.cl\/nueva\/wp-content\/uploads\/2022\/04\/freepik.jpg",904,492,false],"thumbnail":["https:\/\/prodelcobre.cl\/nueva\/wp-content\/uploads\/2022\/04\/freepik-150x150.jpg",150,150,true],"medium":["https:\/\/prodelcobre.cl\/nueva\/wp-content\/uploads\/2022\/04\/freepik.jpg",904,492,false],"large":["https:\/\/prodelcobre.cl\/nueva\/wp-content\/uploads\/2022\/04\/freepik.jpg",904,492,false],"1536x1536":["https:\/\/prodelcobre.cl\/nueva\/wp-content\/uploads\/2022\/04\/freepik.jpg",904,492,false],"2048x2048":["https:\/\/prodelcobre.cl\/nueva\/wp-content\/uploads\/2022\/04\/freepik.jpg",904,492,false],"morenews-featured":["https:\/\/prodelcobre.cl\/nueva\/wp-content\/uploads\/2022\/04\/freepik.jpg",904,492,false],"morenews-large":["https:\/\/prodelcobre.cl\/nueva\/wp-content\/uploads\/2022\/04\/freepik.jpg",825,449,false],"morenews-medium":["https:\/\/prodelcobre.cl\/nueva\/wp-content\/uploads\/2022\/04\/freepik.jpg",590,321,false],"psacp-medium":["https:\/\/prodelcobre.cl\/nueva\/wp-content\/uploads\/2022\/04\/freepik.jpg",500,272,false]},"rttpg_author":{"display_name":"Francisco P\u00e9rez Alvi\u00e1rez","author_link":"https:\/\/prodelcobre.cl\/nueva\/author\/fperez\/"},"rttpg_comment":0,"rttpg_category":"<a href=\"https:\/\/prodelcobre.cl\/nueva\/category\/chile\/\" rel=\"category tag\">Chile<\/a> <a href=\"https:\/\/prodelcobre.cl\/nueva\/category\/noticias\/\" rel=\"category tag\">Noticias<\/a>","rttpg_excerpt":"Estuvieron presentes el gobernador Ricardo D\u00edaz; la delegada presidencial regional, Karen Behrens; la seremi de Miner\u00eda, Macarena Barramu\u00f1o;","_links":{"self":[{"href":"https:\/\/prodelcobre.cl\/nueva\/wp-json\/wp\/v2\/posts\/9269","targetHints":{"allow":["GET"]}}],"collection":[{"href":"https:\/\/prodelcobre.cl\/nueva\/wp-json\/wp\/v2\/posts"}],"about":[{"href":"https:\/\/prodelcobre.cl\/nueva\/wp-json\/wp\/v2\/types\/post"}],"author":[{"embeddable":true,"href":"https:\/\/prodelcobre.cl\/nueva\/wp-json\/wp\/v2\/users\/3"}],"replies":[{"embeddable":true,"href":"https:\/\/prodelcobre.cl\/nueva\/wp-json\/wp\/v2\/comments?post=9269"}],"version-history":[{"count":2,"href":"https:\/\/prodelcobre.cl\/nueva\/wp-json\/wp\/v2\/posts\/9269\/revisions"}],"predecessor-version":[{"id":9272,"href":"https:\/\/prodelcobre.cl\/nueva\/wp-json\/wp\/v2\/posts\/9269\/revisions\/9272"}],"wp:featuredmedia":[{"embeddable":true,"href":"https:\/\/prodelcobre.cl\/nueva\/wp-json\/wp\/v2\/media\/5173"}],"wp:attachment":[{"href":"https:\/\/prodelcobre.cl\/nueva\/wp-json\/wp\/v2\/media?parent=9269"}],"wp:term":[{"taxonomy":"category","embeddable":true,"href":"https:\/\/prodelcobre.cl\/nueva\/wp-json\/wp\/v2\/categories?post=9269"},{"taxonomy":"post_tag","embeddable":true,"href":"https:\/\/prodelcobre.cl\/nueva\/wp-json\/wp\/v2\/tags?post=9269"}],"curies":[{"name":"wp","href":"https:\/\/api.w.org\/{rel}","templated":true}]}}