{"id":9273,"date":"2023-10-24T09:34:41","date_gmt":"2023-10-24T12:34:41","guid":{"rendered":"https:\/\/prodelcobre.cl\/nueva\/?p=9273"},"modified":"2023-10-24T09:34:42","modified_gmt":"2023-10-24T12:34:42","slug":"camara-solicito-al-gobierno-que-enami-sea-designada-como-compradora-unica-de-chatarra-de-cobre","status":"publish","type":"post","link":"https:\/\/prodelcobre.cl\/nueva\/camara-solicito-al-gobierno-que-enami-sea-designada-como-compradora-unica-de-chatarra-de-cobre\/","title":{"rendered":"C\u00e1mara solicit\u00f3 al Gobierno que Enami sea designada como compradora \u00fanica de chatarra de cobre"},"content":{"rendered":"\n<h2 class=\"wp-block-heading\">La petici\u00f3n realizada desde la C\u00e1mara de Diputados es prevenir y evitar el comercio ilegal de este producto&nbsp;en el pa\u00eds.<\/h2>\n\n\n\n<p class=\"has-medium-font-size\">La C\u00e1mara de Diputadas y Diputados solicit\u00f3 al Gobierno&nbsp;<strong>la designaci\u00f3n de Enami como compradora \u00fanica de chatarra de cobre por medio de modificaciones t\u00e9cnicas y legislativas<\/strong> que permitan evitar el comercio ilegal.<\/p>\n\n\n\n<p class=\"has-medium-font-size\">Por medio de la <strong>resoluci\u00f3n 511<\/strong>&nbsp;los parlamentarios buscan prevenir el trabajo de bandas de crimen organizado abocadas al robo de cobre o de otros metales en sus diversas formas, por lo que ante el aumento de estos delitos en el pa\u00eds hicieron la petici\u00f3n al Gobierno.<\/p>\n\n\n\n<p class=\"has-medium-font-size\">La resoluci\u00f3n la presentaron las independientes Natalia Romero y Marlene P\u00e9rez (IND). Tambi\u00e9n la suscriben, desde la UDI, Renzo Trisotti, Marta Bravo, \u00c1lvaro Carter, Eduardo Cornejo y Daniel Lilayu.<\/p>\n","protected":false},"excerpt":{"rendered":"<p>La petici\u00f3n realizada desde la C\u00e1mara de Diputados es prevenir y evitar el comercio ilegal de este producto&nbsp;en<\/p>\n","protected":false},"author":3,"featured_media":3894,"comment_status":"closed","ping_status":"closed","sticky":false,"template":"","format":"standard","meta":{"footnotes":""},"categories":[51,52],"tags":[78,187],"class_list":["post-9273","post","type-post","status-publish","format-standard","has-post-thumbnail","hentry","category-chile","category-noticias","tag-cobre","tag-enami"],"rttpg_featured_image_url":{"full":["https:\/\/prodelcobre.cl\/nueva\/wp-content\/uploads\/2021\/02\/cobre-4-e1568159041473.jpg",800,400,false],"landscape":["https:\/\/prodelcobre.cl\/nueva\/wp-content\/uploads\/2021\/02\/cobre-4-e1568159041473.jpg",800,400,false],"portraits":["https:\/\/prodelcobre.cl\/nueva\/wp-content\/uploads\/2021\/02\/cobre-4-e1568159041473.jpg",800,400,false],"thumbnail":["https:\/\/prodelcobre.cl\/nueva\/wp-content\/uploads\/2021\/02\/cobre-4-e1568159041473-150x150.jpg",150,150,true],"medium":["https:\/\/prodelcobre.cl\/nueva\/wp-content\/uploads\/2021\/02\/cobre-4-e1568159041473.jpg",800,400,false],"large":["https:\/\/prodelcobre.cl\/nueva\/wp-content\/uploads\/2021\/02\/cobre-4-e1568159041473.jpg",800,400,false],"1536x1536":["https:\/\/prodelcobre.cl\/nueva\/wp-content\/uploads\/2021\/02\/cobre-4-e1568159041473.jpg",800,400,false],"2048x2048":["https:\/\/prodelcobre.cl\/nueva\/wp-content\/uploads\/2021\/02\/cobre-4-e1568159041473.jpg",800,400,false],"morenews-featured":["https:\/\/prodelcobre.cl\/nueva\/wp-content\/uploads\/2021\/02\/cobre-4-e1568159041473.jpg",800,400,false],"morenews-large":["https:\/\/prodelcobre.cl\/nueva\/wp-content\/uploads\/2021\/02\/cobre-4-e1568159041473.jpg",800,400,false],"morenews-medium":["https:\/\/prodelcobre.cl\/nueva\/wp-content\/uploads\/2021\/02\/cobre-4-e1568159041473.jpg",590,295,false],"psacp-medium":["https:\/\/prodelcobre.cl\/nueva\/wp-content\/uploads\/2021\/02\/cobre-4-e1568159041473.jpg",500,250,false]},"rttpg_author":{"display_name":"Francisco P\u00e9rez Alvi\u00e1rez","author_link":"https:\/\/prodelcobre.cl\/nueva\/author\/fperez\/"},"rttpg_comment":0,"rttpg_category":"<a href=\"https:\/\/prodelcobre.cl\/nueva\/category\/chile\/\" rel=\"category tag\">Chile<\/a> <a href=\"https:\/\/prodelcobre.cl\/nueva\/category\/noticias\/\" rel=\"category tag\">Noticias<\/a>","rttpg_excerpt":"La petici\u00f3n realizada desde la C\u00e1mara de Diputados es prevenir y evitar el comercio ilegal de este producto&nbsp;en","_links":{"self":[{"href":"https:\/\/prodelcobre.cl\/nueva\/wp-json\/wp\/v2\/posts\/9273","targetHints":{"allow":["GET"]}}],"collection":[{"href":"https:\/\/prodelcobre.cl\/nueva\/wp-json\/wp\/v2\/posts"}],"about":[{"href":"https:\/\/prodelcobre.cl\/nueva\/wp-json\/wp\/v2\/types\/post"}],"author":[{"embeddable":true,"href":"https:\/\/prodelcobre.cl\/nueva\/wp-json\/wp\/v2\/users\/3"}],"replies":[{"embeddable":true,"href":"https:\/\/prodelcobre.cl\/nueva\/wp-json\/wp\/v2\/comments?post=9273"}],"version-history":[{"count":1,"href":"https:\/\/prodelcobre.cl\/nueva\/wp-json\/wp\/v2\/posts\/9273\/revisions"}],"predecessor-version":[{"id":9274,"href":"https:\/\/prodelcobre.cl\/nueva\/wp-json\/wp\/v2\/posts\/9273\/revisions\/9274"}],"wp:featuredmedia":[{"embeddable":true,"href":"https:\/\/prodelcobre.cl\/nueva\/wp-json\/wp\/v2\/media\/3894"}],"wp:attachment":[{"href":"https:\/\/prodelcobre.cl\/nueva\/wp-json\/wp\/v2\/media?parent=9273"}],"wp:term":[{"taxonomy":"category","embeddable":true,"href":"https:\/\/prodelcobre.cl\/nueva\/wp-json\/wp\/v2\/categories?post=9273"},{"taxonomy":"post_tag","embeddable":true,"href":"https:\/\/prodelcobre.cl\/nueva\/wp-json\/wp\/v2\/tags?post=9273"}],"curies":[{"name":"wp","href":"https:\/\/api.w.org\/{rel}","templated":true}]}}