{"id":9275,"date":"2023-10-24T10:27:14","date_gmt":"2023-10-24T13:27:14","guid":{"rendered":"https:\/\/prodelcobre.cl\/nueva\/?p=9275"},"modified":"2023-10-24T10:27:15","modified_gmt":"2023-10-24T13:27:15","slug":"radomiro-tomic-obtuvo-certificacion-del-sistema-de-gestion-de-calidad-bajo-la-norma-iso-90012015","status":"publish","type":"post","link":"https:\/\/prodelcobre.cl\/nueva\/radomiro-tomic-obtuvo-certificacion-del-sistema-de-gestion-de-calidad-bajo-la-norma-iso-90012015\/","title":{"rendered":"Radomiro Tomic obtuvo certificaci\u00f3n del Sistema de Gesti\u00f3n de Calidad bajo la norma ISO 9001:2015"},"content":{"rendered":"\n<h2 class=\"wp-block-heading\">El proceso que se desarroll\u00f3 entre el 11 y 14 de septiembre certific\u00f3 que Radomiro Tomic se encuentra preparada para afrontar revisi\u00f3n, todo de la mano del sistema de gesti\u00f3n de C+ como apalancador de estos resultados.<\/h2>\n\n\n\n<p class=\"has-medium-font-size\">La divisi\u00f3n Radomiro Tomic recibi\u00f3 una auditor\u00eda realizada por Bureau Veritas con resultados positivos donde no se encontraron no conformidades obteniendo su certificaci\u00f3n del Sistema de Gesti\u00f3n de Calidad en su versi\u00f3n 2015.<\/p>\n\n\n\n<p class=\"has-medium-font-size\">Estos resultados fueron posibles gracias a la programaci\u00f3n anual en la que se incluye cinco auditor\u00edas internas de este sistema, y donde participan todas las \u00e1reas de la divisi\u00f3n facilitando toda la documentaci\u00f3n necesaria, permitiendo as\u00ed que la divisi\u00f3n Radomiro Tomic se encuentre preparada para afrontar la revisi\u00f3n de sus procesos, todo de la mano del sistema de gesti\u00f3n de C+ como apalancador de estos resultados.<\/p>\n","protected":false},"excerpt":{"rendered":"<p>El proceso que se desarroll\u00f3 entre el 11 y 14 de septiembre certific\u00f3 que Radomiro Tomic se encuentra<\/p>\n","protected":false},"author":3,"featured_media":9276,"comment_status":"closed","ping_status":"closed","sticky":false,"template":"","format":"standard","meta":{"footnotes":""},"categories":[51,52],"tags":[89,477],"class_list":["post-9275","post","type-post","status-publish","format-standard","has-post-thumbnail","hentry","category-chile","category-noticias","tag-mineria-4","tag-radomirotomic"],"rttpg_featured_image_url":{"full":["https:\/\/prodelcobre.cl\/nueva\/wp-content\/uploads\/2023\/10\/radomiro-tomic.jpg",792,416,false],"landscape":["https:\/\/prodelcobre.cl\/nueva\/wp-content\/uploads\/2023\/10\/radomiro-tomic.jpg",792,416,false],"portraits":["https:\/\/prodelcobre.cl\/nueva\/wp-content\/uploads\/2023\/10\/radomiro-tomic.jpg",792,416,false],"thumbnail":["https:\/\/prodelcobre.cl\/nueva\/wp-content\/uploads\/2023\/10\/radomiro-tomic-150x150.jpg",150,150,true],"medium":["https:\/\/prodelcobre.cl\/nueva\/wp-content\/uploads\/2023\/10\/radomiro-tomic.jpg",792,416,false],"large":["https:\/\/prodelcobre.cl\/nueva\/wp-content\/uploads\/2023\/10\/radomiro-tomic.jpg",792,416,false],"1536x1536":["https:\/\/prodelcobre.cl\/nueva\/wp-content\/uploads\/2023\/10\/radomiro-tomic.jpg",792,416,false],"2048x2048":["https:\/\/prodelcobre.cl\/nueva\/wp-content\/uploads\/2023\/10\/radomiro-tomic.jpg",792,416,false],"morenews-featured":["https:\/\/prodelcobre.cl\/nueva\/wp-content\/uploads\/2023\/10\/radomiro-tomic.jpg",792,416,false],"morenews-large":["https:\/\/prodelcobre.cl\/nueva\/wp-content\/uploads\/2023\/10\/radomiro-tomic.jpg",792,416,false],"morenews-medium":["https:\/\/prodelcobre.cl\/nueva\/wp-content\/uploads\/2023\/10\/radomiro-tomic-590x410.jpg",590,410,true],"psacp-medium":["https:\/\/prodelcobre.cl\/nueva\/wp-content\/uploads\/2023\/10\/radomiro-tomic.jpg",500,263,false]},"rttpg_author":{"display_name":"Francisco P\u00e9rez Alvi\u00e1rez","author_link":"https:\/\/prodelcobre.cl\/nueva\/author\/fperez\/"},"rttpg_comment":0,"rttpg_category":"<a href=\"https:\/\/prodelcobre.cl\/nueva\/category\/chile\/\" rel=\"category tag\">Chile<\/a> <a href=\"https:\/\/prodelcobre.cl\/nueva\/category\/noticias\/\" rel=\"category tag\">Noticias<\/a>","rttpg_excerpt":"El proceso que se desarroll\u00f3 entre el 11 y 14 de septiembre certific\u00f3 que Radomiro Tomic se encuentra","_links":{"self":[{"href":"https:\/\/prodelcobre.cl\/nueva\/wp-json\/wp\/v2\/posts\/9275","targetHints":{"allow":["GET"]}}],"collection":[{"href":"https:\/\/prodelcobre.cl\/nueva\/wp-json\/wp\/v2\/posts"}],"about":[{"href":"https:\/\/prodelcobre.cl\/nueva\/wp-json\/wp\/v2\/types\/post"}],"author":[{"embeddable":true,"href":"https:\/\/prodelcobre.cl\/nueva\/wp-json\/wp\/v2\/users\/3"}],"replies":[{"embeddable":true,"href":"https:\/\/prodelcobre.cl\/nueva\/wp-json\/wp\/v2\/comments?post=9275"}],"version-history":[{"count":1,"href":"https:\/\/prodelcobre.cl\/nueva\/wp-json\/wp\/v2\/posts\/9275\/revisions"}],"predecessor-version":[{"id":9277,"href":"https:\/\/prodelcobre.cl\/nueva\/wp-json\/wp\/v2\/posts\/9275\/revisions\/9277"}],"wp:featuredmedia":[{"embeddable":true,"href":"https:\/\/prodelcobre.cl\/nueva\/wp-json\/wp\/v2\/media\/9276"}],"wp:attachment":[{"href":"https:\/\/prodelcobre.cl\/nueva\/wp-json\/wp\/v2\/media?parent=9275"}],"wp:term":[{"taxonomy":"category","embeddable":true,"href":"https:\/\/prodelcobre.cl\/nueva\/wp-json\/wp\/v2\/categories?post=9275"},{"taxonomy":"post_tag","embeddable":true,"href":"https:\/\/prodelcobre.cl\/nueva\/wp-json\/wp\/v2\/tags?post=9275"}],"curies":[{"name":"wp","href":"https:\/\/api.w.org\/{rel}","templated":true}]}}