{"id":9278,"date":"2023-10-24T10:36:52","date_gmt":"2023-10-24T13:36:52","guid":{"rendered":"https:\/\/prodelcobre.cl\/nueva\/?p=9278"},"modified":"2023-10-24T10:36:53","modified_gmt":"2023-10-24T13:36:53","slug":"proyecto-de-conexion-por-us-1-480-millones-ingreso-a-evaluacion-ambiental","status":"publish","type":"post","link":"https:\/\/prodelcobre.cl\/nueva\/proyecto-de-conexion-por-us-1-480-millones-ingreso-a-evaluacion-ambiental\/","title":{"rendered":"Proyecto de Conexi\u00f3n por US $1.480 millones ingres\u00f3 a evaluaci\u00f3n ambiental"},"content":{"rendered":"\n<h2 class=\"wp-block-heading\">El proyecto contribuir\u00e1 a elevar el nivel de seguridad y confiabilidad del sistema el\u00e9ctrico nacional y la integraci\u00f3n de los desarrollos de generaci\u00f3n renovables ubicados en la zona norte del pa\u00eds.<\/h2>\n\n\n\n<p class=\"has-medium-font-size\">Conexi\u00f3n Kimal-Lo Aguirre ingres\u00f3 al Servicio de Evaluaci\u00f3n ambiental el Estudio de Impacto Ambiental de su proyecto L\u00ednea de Transmisi\u00f3n HVDC Kimal \u2013 Lo Aguirre, con una inversi\u00f3n estimada de&nbsp;<strong>US $1.480 millones.<\/strong><\/p>\n\n\n\n<p class=\"has-medium-font-size\">El proyecto que conectar\u00e1 Antofagasta con Santiago, con una capacidad de hasta 3000 MW, contribuir\u00e1 a elevar el nivel de seguridad y confiabilidad del sistema el\u00e9ctrico nacional y la integraci\u00f3n de los desarrollos de generaci\u00f3n renovables ubicados en la zona norte del pa\u00eds para iniciar <strong>operaci\u00f3n el a\u00f1o 2029<\/strong>.<\/p>\n","protected":false},"excerpt":{"rendered":"<p>El proyecto contribuir\u00e1 a elevar el nivel de seguridad y confiabilidad del sistema el\u00e9ctrico nacional y la integraci\u00f3n<\/p>\n","protected":false},"author":3,"featured_media":7269,"comment_status":"closed","ping_status":"closed","sticky":false,"template":"","format":"standard","meta":{"footnotes":""},"categories":[51,59,52],"tags":[154,90],"class_list":["post-9278","post","type-post","status-publish","format-standard","has-post-thumbnail","hentry","category-chile","category-energia","category-noticias","tag-electricidad","tag-energia"],"rttpg_featured_image_url":{"full":["https:\/\/prodelcobre.cl\/nueva\/wp-content\/uploads\/2023\/01\/energia-freepik.jpg",841,547,false],"landscape":["https:\/\/prodelcobre.cl\/nueva\/wp-content\/uploads\/2023\/01\/energia-freepik.jpg",841,547,false],"portraits":["https:\/\/prodelcobre.cl\/nueva\/wp-content\/uploads\/2023\/01\/energia-freepik.jpg",841,547,false],"thumbnail":["https:\/\/prodelcobre.cl\/nueva\/wp-content\/uploads\/2023\/01\/energia-freepik-150x150.jpg",150,150,true],"medium":["https:\/\/prodelcobre.cl\/nueva\/wp-content\/uploads\/2023\/01\/energia-freepik.jpg",841,547,false],"large":["https:\/\/prodelcobre.cl\/nueva\/wp-content\/uploads\/2023\/01\/energia-freepik.jpg",841,547,false],"1536x1536":["https:\/\/prodelcobre.cl\/nueva\/wp-content\/uploads\/2023\/01\/energia-freepik.jpg",841,547,false],"2048x2048":["https:\/\/prodelcobre.cl\/nueva\/wp-content\/uploads\/2023\/01\/energia-freepik.jpg",841,547,false],"morenews-featured":["https:\/\/prodelcobre.cl\/nueva\/wp-content\/uploads\/2023\/01\/energia-freepik.jpg",841,547,false],"morenews-large":["https:\/\/prodelcobre.cl\/nueva\/wp-content\/uploads\/2023\/01\/energia-freepik.jpg",825,537,false],"morenews-medium":["https:\/\/prodelcobre.cl\/nueva\/wp-content\/uploads\/2023\/01\/energia-freepik.jpg",590,384,false],"psacp-medium":["https:\/\/prodelcobre.cl\/nueva\/wp-content\/uploads\/2023\/01\/energia-freepik.jpg",500,325,false]},"rttpg_author":{"display_name":"Francisco P\u00e9rez Alvi\u00e1rez","author_link":"https:\/\/prodelcobre.cl\/nueva\/author\/fperez\/"},"rttpg_comment":0,"rttpg_category":"<a href=\"https:\/\/prodelcobre.cl\/nueva\/category\/chile\/\" rel=\"category tag\">Chile<\/a> <a href=\"https:\/\/prodelcobre.cl\/nueva\/category\/energia\/\" rel=\"category tag\">Energ\u00eda<\/a> <a href=\"https:\/\/prodelcobre.cl\/nueva\/category\/noticias\/\" rel=\"category tag\">Noticias<\/a>","rttpg_excerpt":"El proyecto contribuir\u00e1 a elevar el nivel de seguridad y confiabilidad del sistema el\u00e9ctrico nacional y la integraci\u00f3n","_links":{"self":[{"href":"https:\/\/prodelcobre.cl\/nueva\/wp-json\/wp\/v2\/posts\/9278","targetHints":{"allow":["GET"]}}],"collection":[{"href":"https:\/\/prodelcobre.cl\/nueva\/wp-json\/wp\/v2\/posts"}],"about":[{"href":"https:\/\/prodelcobre.cl\/nueva\/wp-json\/wp\/v2\/types\/post"}],"author":[{"embeddable":true,"href":"https:\/\/prodelcobre.cl\/nueva\/wp-json\/wp\/v2\/users\/3"}],"replies":[{"embeddable":true,"href":"https:\/\/prodelcobre.cl\/nueva\/wp-json\/wp\/v2\/comments?post=9278"}],"version-history":[{"count":1,"href":"https:\/\/prodelcobre.cl\/nueva\/wp-json\/wp\/v2\/posts\/9278\/revisions"}],"predecessor-version":[{"id":9279,"href":"https:\/\/prodelcobre.cl\/nueva\/wp-json\/wp\/v2\/posts\/9278\/revisions\/9279"}],"wp:featuredmedia":[{"embeddable":true,"href":"https:\/\/prodelcobre.cl\/nueva\/wp-json\/wp\/v2\/media\/7269"}],"wp:attachment":[{"href":"https:\/\/prodelcobre.cl\/nueva\/wp-json\/wp\/v2\/media?parent=9278"}],"wp:term":[{"taxonomy":"category","embeddable":true,"href":"https:\/\/prodelcobre.cl\/nueva\/wp-json\/wp\/v2\/categories?post=9278"},{"taxonomy":"post_tag","embeddable":true,"href":"https:\/\/prodelcobre.cl\/nueva\/wp-json\/wp\/v2\/tags?post=9278"}],"curies":[{"name":"wp","href":"https:\/\/api.w.org\/{rel}","templated":true}]}}