{"id":9280,"date":"2023-10-24T16:23:29","date_gmt":"2023-10-24T19:23:29","guid":{"rendered":"https:\/\/prodelcobre.cl\/nueva\/?p=9280"},"modified":"2023-10-24T16:23:31","modified_gmt":"2023-10-24T19:23:31","slug":"comite-de-litio-y-salares-sesiono-para-planificar-diseno-de-salares-estrategicos-y-protegidos","status":"publish","type":"post","link":"https:\/\/prodelcobre.cl\/nueva\/comite-de-litio-y-salares-sesiono-para-planificar-diseno-de-salares-estrategicos-y-protegidos\/","title":{"rendered":"Comit\u00e9 de Litio y Salares sesion\u00f3 para planificar dise\u00f1o de salares estrat\u00e9gicos y protegidos"},"content":{"rendered":"\n<h2 class=\"wp-block-heading\">El Comit\u00e9 de Litio y Salares es la entidad a cargo de conducir y dinamizar la implementaci\u00f3n de las diversas acciones contempladas en la estrategia, as\u00ed como establecer las coordinaciones con otras carteras, instituciones p\u00fablicas, gobiernos regionales y sector privado.<\/h2>\n\n\n\n<p class=\"has-medium-font-size\">La instancia interministerial sesion\u00f3 con el inter\u00e9s de analizar estrategias para avanzar en la materia, los asistentes presididos por la ministra de Miner\u00eda, Aurora Williams, as\u00ed como los titulares de Hacienda, Relaciones Exteriores, Econom\u00eda, Medio Ambiente, y Ciencia, Tecnolog\u00eda, Conocimiento e Innovaci\u00f3n, abordaron aspectos t\u00e9cnicos y administrativos del cronograma para la creaci\u00f3n de la Red de Salares Protegidos y la definici\u00f3n de salares estrat\u00e9gicos, adem\u00e1s de monitorear la ejecuci\u00f3n del proceso de Di\u00e1logos por la Estrategia Nacional de Litio.<\/p>\n\n\n\n<p class=\"has-medium-font-size\">Los asistentes conocieron una propuesta de diferentes mecanismos y fundamentos que podr\u00edan viabilizar la estrategia y avanzar de la forma m\u00e1s r\u00e1pida posible en la exploraci\u00f3n, extracci\u00f3n y\/o beneficio de nuevos proyectos de litio en el pa\u00eds. Bajo este esquema se evaluaron criterios, requisitos, plazos y pertinencia de instrumentos para la celebraci\u00f3n de contratos especiales de operaci\u00f3n.<\/p>\n","protected":false},"excerpt":{"rendered":"<p>El Comit\u00e9 de Litio y Salares es la entidad a cargo de conducir y dinamizar la implementaci\u00f3n de<\/p>\n","protected":false},"author":3,"featured_media":5912,"comment_status":"closed","ping_status":"closed","sticky":false,"template":"","format":"standard","meta":{"footnotes":""},"categories":[51,52],"tags":[100],"class_list":["post-9280","post","type-post","status-publish","format-standard","has-post-thumbnail","hentry","category-chile","category-noticias","tag-litio"],"rttpg_featured_image_url":{"full":["https:\/\/prodelcobre.cl\/nueva\/wp-content\/uploads\/2022\/07\/Litio-Salar.jpg",1000,530,false],"landscape":["https:\/\/prodelcobre.cl\/nueva\/wp-content\/uploads\/2022\/07\/Litio-Salar.jpg",1000,530,false],"portraits":["https:\/\/prodelcobre.cl\/nueva\/wp-content\/uploads\/2022\/07\/Litio-Salar.jpg",1000,530,false],"thumbnail":["https:\/\/prodelcobre.cl\/nueva\/wp-content\/uploads\/2022\/07\/Litio-Salar-150x150.jpg",150,150,true],"medium":["https:\/\/prodelcobre.cl\/nueva\/wp-content\/uploads\/2022\/07\/Litio-Salar.jpg",1000,530,false],"large":["https:\/\/prodelcobre.cl\/nueva\/wp-content\/uploads\/2022\/07\/Litio-Salar.jpg",1000,530,false],"1536x1536":["https:\/\/prodelcobre.cl\/nueva\/wp-content\/uploads\/2022\/07\/Litio-Salar.jpg",1000,530,false],"2048x2048":["https:\/\/prodelcobre.cl\/nueva\/wp-content\/uploads\/2022\/07\/Litio-Salar.jpg",1000,530,false],"morenews-featured":["https:\/\/prodelcobre.cl\/nueva\/wp-content\/uploads\/2022\/07\/Litio-Salar.jpg",1000,530,false],"morenews-large":["https:\/\/prodelcobre.cl\/nueva\/wp-content\/uploads\/2022\/07\/Litio-Salar.jpg",825,437,false],"morenews-medium":["https:\/\/prodelcobre.cl\/nueva\/wp-content\/uploads\/2022\/07\/Litio-Salar.jpg",590,313,false],"psacp-medium":["https:\/\/prodelcobre.cl\/nueva\/wp-content\/uploads\/2022\/07\/Litio-Salar.jpg",500,265,false]},"rttpg_author":{"display_name":"Francisco P\u00e9rez Alvi\u00e1rez","author_link":"https:\/\/prodelcobre.cl\/nueva\/author\/fperez\/"},"rttpg_comment":0,"rttpg_category":"<a href=\"https:\/\/prodelcobre.cl\/nueva\/category\/chile\/\" rel=\"category tag\">Chile<\/a> <a href=\"https:\/\/prodelcobre.cl\/nueva\/category\/noticias\/\" rel=\"category tag\">Noticias<\/a>","rttpg_excerpt":"El Comit\u00e9 de Litio y Salares es la entidad a cargo de conducir y dinamizar la implementaci\u00f3n de","_links":{"self":[{"href":"https:\/\/prodelcobre.cl\/nueva\/wp-json\/wp\/v2\/posts\/9280","targetHints":{"allow":["GET"]}}],"collection":[{"href":"https:\/\/prodelcobre.cl\/nueva\/wp-json\/wp\/v2\/posts"}],"about":[{"href":"https:\/\/prodelcobre.cl\/nueva\/wp-json\/wp\/v2\/types\/post"}],"author":[{"embeddable":true,"href":"https:\/\/prodelcobre.cl\/nueva\/wp-json\/wp\/v2\/users\/3"}],"replies":[{"embeddable":true,"href":"https:\/\/prodelcobre.cl\/nueva\/wp-json\/wp\/v2\/comments?post=9280"}],"version-history":[{"count":1,"href":"https:\/\/prodelcobre.cl\/nueva\/wp-json\/wp\/v2\/posts\/9280\/revisions"}],"predecessor-version":[{"id":9281,"href":"https:\/\/prodelcobre.cl\/nueva\/wp-json\/wp\/v2\/posts\/9280\/revisions\/9281"}],"wp:featuredmedia":[{"embeddable":true,"href":"https:\/\/prodelcobre.cl\/nueva\/wp-json\/wp\/v2\/media\/5912"}],"wp:attachment":[{"href":"https:\/\/prodelcobre.cl\/nueva\/wp-json\/wp\/v2\/media?parent=9280"}],"wp:term":[{"taxonomy":"category","embeddable":true,"href":"https:\/\/prodelcobre.cl\/nueva\/wp-json\/wp\/v2\/categories?post=9280"},{"taxonomy":"post_tag","embeddable":true,"href":"https:\/\/prodelcobre.cl\/nueva\/wp-json\/wp\/v2\/tags?post=9280"}],"curies":[{"name":"wp","href":"https:\/\/api.w.org\/{rel}","templated":true}]}}