{"id":9282,"date":"2023-10-25T09:54:50","date_gmt":"2023-10-25T12:54:50","guid":{"rendered":"https:\/\/prodelcobre.cl\/nueva\/?p=9282"},"modified":"2023-10-25T09:54:53","modified_gmt":"2023-10-25T12:54:53","slug":"hidrogeno-verde-sera-protagonista-en-santiago-gracias-al-green-hydrogen-summit-chile-lac","status":"publish","type":"post","link":"https:\/\/prodelcobre.cl\/nueva\/hidrogeno-verde-sera-protagonista-en-santiago-gracias-al-green-hydrogen-summit-chile-lac\/","title":{"rendered":"Hidr\u00f3geno verde ser\u00e1 protagonista en Santiago gracias al Green Hydrogen Summit Chile LAC"},"content":{"rendered":"\n<h2 class=\"wp-block-heading\">En&nbsp;los 13 paneles&nbsp;que se realizar\u00e1n en las dos jornadas destaca la participaci\u00f3n de representantes de distintos pa\u00edses vinculados al tema, como&nbsp;Alemania, Argentina, Brasil, Pa\u00edses Bajos y Uruguay, entre otros.<\/h2>\n\n\n\n<p class=\"has-medium-font-size\">M\u00e1s de 1.000 personas se har\u00e1n presentes en el&nbsp;Green Hydrogen Summit Chile LAC, donde se realizar\u00e1n conferencias, ruedas de negocios, una feria comercial y una demostraci\u00f3n de tecnolog\u00edas relacionadas con la industria del Hidr\u00f3geno Verde.<\/p>\n\n\n\n<p class=\"has-medium-font-size\">El evento que inicia hoy 25 de octubre hasta el d\u00eda de ma\u00f1ana, <strong>cuenta ya con m\u00e1s de 1.500 inscritos<\/strong>&nbsp;seg\u00fan detallan desde la organizaci\u00f3n, a cargo de la agencia alemana&nbsp;<strong>GIZ, el Ministerio de Energ\u00eda y el Comit\u00e9 de Hidr\u00f3geno Verde de Corfo,<\/strong>&nbsp;en el marco del P<strong>rograma International Hydrogen Ramp-up (H2Uppp)<\/strong>&nbsp;y el Proyecto Team Europe para el Desarrollo del Hidr\u00f3geno Renovable, con el apoyo del Ministerio Federal de Econom\u00eda y Protecci\u00f3n del Clima de Alemania (BMWK) y la Uni\u00f3n Europea.<\/p>\n\n\n\n<p class=\"has-medium-font-size\">En el evento de apertura participan <strong>el ministro de Energ\u00eda, Diego Pardow; el jefe de delegaci\u00f3n adjunto de la Uni\u00f3n Europea en Chile, Quentin Weiler; el director ejecutivo de la Agencia Chilena de Cooperaci\u00f3n Internacional para el Desarrollo (AGCID), Enrique O\u2019Farrill; la embajadora de Alemania, Irmgard Mar\u00eda Fellner, y del vicepresidente ejecutivo de Corfo, Jos\u00e9 Miguel Benavente.<\/strong><\/p>\n","protected":false},"excerpt":{"rendered":"<p>En&nbsp;los 13 paneles&nbsp;que se realizar\u00e1n en las dos jornadas destaca la participaci\u00f3n de representantes de distintos pa\u00edses vinculados<\/p>\n","protected":false},"author":3,"featured_media":5338,"comment_status":"closed","ping_status":"closed","sticky":false,"template":"","format":"standard","meta":{"footnotes":""},"categories":[51,59,52],"tags":[111],"class_list":["post-9282","post","type-post","status-publish","format-standard","has-post-thumbnail","hentry","category-chile","category-energia","category-noticias","tag-h2v"],"rttpg_featured_image_url":{"full":["https:\/\/prodelcobre.cl\/nueva\/wp-content\/uploads\/2022\/05\/energia-sustentable.jpg",725,466,false],"landscape":["https:\/\/prodelcobre.cl\/nueva\/wp-content\/uploads\/2022\/05\/energia-sustentable.jpg",725,466,false],"portraits":["https:\/\/prodelcobre.cl\/nueva\/wp-content\/uploads\/2022\/05\/energia-sustentable.jpg",725,466,false],"thumbnail":["https:\/\/prodelcobre.cl\/nueva\/wp-content\/uploads\/2022\/05\/energia-sustentable-150x150.jpg",150,150,true],"medium":["https:\/\/prodelcobre.cl\/nueva\/wp-content\/uploads\/2022\/05\/energia-sustentable.jpg",725,466,false],"large":["https:\/\/prodelcobre.cl\/nueva\/wp-content\/uploads\/2022\/05\/energia-sustentable.jpg",725,466,false],"1536x1536":["https:\/\/prodelcobre.cl\/nueva\/wp-content\/uploads\/2022\/05\/energia-sustentable.jpg",725,466,false],"2048x2048":["https:\/\/prodelcobre.cl\/nueva\/wp-content\/uploads\/2022\/05\/energia-sustentable.jpg",725,466,false],"morenews-featured":["https:\/\/prodelcobre.cl\/nueva\/wp-content\/uploads\/2022\/05\/energia-sustentable.jpg",725,466,false],"morenews-large":["https:\/\/prodelcobre.cl\/nueva\/wp-content\/uploads\/2022\/05\/energia-sustentable.jpg",725,466,false],"morenews-medium":["https:\/\/prodelcobre.cl\/nueva\/wp-content\/uploads\/2022\/05\/energia-sustentable.jpg",590,379,false],"psacp-medium":["https:\/\/prodelcobre.cl\/nueva\/wp-content\/uploads\/2022\/05\/energia-sustentable.jpg",500,321,false]},"rttpg_author":{"display_name":"Francisco P\u00e9rez Alvi\u00e1rez","author_link":"https:\/\/prodelcobre.cl\/nueva\/author\/fperez\/"},"rttpg_comment":0,"rttpg_category":"<a href=\"https:\/\/prodelcobre.cl\/nueva\/category\/chile\/\" rel=\"category tag\">Chile<\/a> <a href=\"https:\/\/prodelcobre.cl\/nueva\/category\/energia\/\" rel=\"category tag\">Energ\u00eda<\/a> <a href=\"https:\/\/prodelcobre.cl\/nueva\/category\/noticias\/\" rel=\"category tag\">Noticias<\/a>","rttpg_excerpt":"En&nbsp;los 13 paneles&nbsp;que se realizar\u00e1n en las dos jornadas destaca la participaci\u00f3n de representantes de distintos pa\u00edses vinculados","_links":{"self":[{"href":"https:\/\/prodelcobre.cl\/nueva\/wp-json\/wp\/v2\/posts\/9282","targetHints":{"allow":["GET"]}}],"collection":[{"href":"https:\/\/prodelcobre.cl\/nueva\/wp-json\/wp\/v2\/posts"}],"about":[{"href":"https:\/\/prodelcobre.cl\/nueva\/wp-json\/wp\/v2\/types\/post"}],"author":[{"embeddable":true,"href":"https:\/\/prodelcobre.cl\/nueva\/wp-json\/wp\/v2\/users\/3"}],"replies":[{"embeddable":true,"href":"https:\/\/prodelcobre.cl\/nueva\/wp-json\/wp\/v2\/comments?post=9282"}],"version-history":[{"count":1,"href":"https:\/\/prodelcobre.cl\/nueva\/wp-json\/wp\/v2\/posts\/9282\/revisions"}],"predecessor-version":[{"id":9283,"href":"https:\/\/prodelcobre.cl\/nueva\/wp-json\/wp\/v2\/posts\/9282\/revisions\/9283"}],"wp:featuredmedia":[{"embeddable":true,"href":"https:\/\/prodelcobre.cl\/nueva\/wp-json\/wp\/v2\/media\/5338"}],"wp:attachment":[{"href":"https:\/\/prodelcobre.cl\/nueva\/wp-json\/wp\/v2\/media?parent=9282"}],"wp:term":[{"taxonomy":"category","embeddable":true,"href":"https:\/\/prodelcobre.cl\/nueva\/wp-json\/wp\/v2\/categories?post=9282"},{"taxonomy":"post_tag","embeddable":true,"href":"https:\/\/prodelcobre.cl\/nueva\/wp-json\/wp\/v2\/tags?post=9282"}],"curies":[{"name":"wp","href":"https:\/\/api.w.org\/{rel}","templated":true}]}}