{"id":9286,"date":"2023-10-25T13:35:09","date_gmt":"2023-10-25T16:35:09","guid":{"rendered":"https:\/\/prodelcobre.cl\/nueva\/?p=9286"},"modified":"2023-10-25T13:35:10","modified_gmt":"2023-10-25T16:35:10","slug":"cochilco-costos-de-la-gran-mineria-experimentaron-alza-del-25-en-2023","status":"publish","type":"post","link":"https:\/\/prodelcobre.cl\/nueva\/cochilco-costos-de-la-gran-mineria-experimentaron-alza-del-25-en-2023\/","title":{"rendered":"Cochilco: Costos de la gran miner\u00eda experimentaron alza del 25% en 2023"},"content":{"rendered":"\n<h2 class=\"wp-block-heading\">Este aumento se traduce en el m\u00e1s alto de los \u00faltimos ocho a\u00f1os, un hecho que est\u00e1 preocupando a la gran miner\u00eda del cobre. <\/h2>\n\n\n\n<p class=\"has-medium-font-size\">La Comisi\u00f3n Chilena del Cobre (Cochilco) revel\u00f3 en su informe del Observatorio de Costos, un alza importante y sostenida en los costos de los \u00faltimos a\u00f1os en la gran miner\u00eda del cobre, por lo que el cash cost (C1) promedio alcanz\u00f3 los US$1,988 por cada libra al primer semestre de 2023. La cifra supone un salto del 25% frente a los US $1,591 vistos en la primera mitad de 2022.<\/p>\n\n\n\n<p class=\"has-medium-font-size\">De acuerdo con lo explicado por Cochilco, el aumento es un fen\u00f3meno generalizado en la industria minera, tambi\u00e9n indicaron que las<strong> operaciones m\u00e1s peque\u00f1as parecen ser las m\u00e1s afectadas por este aumento en los costos, ya que se ubican en el tercer y cuarto cuartil de la curva de costos.&nbsp;<\/strong>Es decir, las minas m\u00e1s peque\u00f1as tienen costos m\u00e1s altos en comparaci\u00f3n con las minas m\u00e1s grandes.<\/p>\n","protected":false},"excerpt":{"rendered":"<p>Este aumento se traduce en el m\u00e1s alto de los \u00faltimos ocho a\u00f1os, un hecho que est\u00e1 preocupando<\/p>\n","protected":false},"author":3,"featured_media":4361,"comment_status":"closed","ping_status":"closed","sticky":false,"template":"","format":"standard","meta":{"footnotes":""},"categories":[51,52],"tags":[89],"class_list":["post-9286","post","type-post","status-publish","format-standard","has-post-thumbnail","hentry","category-chile","category-noticias","tag-mineria-4"],"rttpg_featured_image_url":{"full":["https:\/\/prodelcobre.cl\/nueva\/wp-content\/uploads\/2021\/08\/MINERIA.jpg",0,0,false],"landscape":["https:\/\/prodelcobre.cl\/nueva\/wp-content\/uploads\/2021\/08\/MINERIA.jpg",0,0,false],"portraits":["https:\/\/prodelcobre.cl\/nueva\/wp-content\/uploads\/2021\/08\/MINERIA.jpg",0,0,false],"thumbnail":["https:\/\/prodelcobre.cl\/nueva\/wp-content\/uploads\/2021\/08\/MINERIA.jpg",1,1,false],"medium":["https:\/\/prodelcobre.cl\/nueva\/wp-content\/uploads\/2021\/08\/MINERIA.jpg",0,0,false],"large":["https:\/\/prodelcobre.cl\/nueva\/wp-content\/uploads\/2021\/08\/MINERIA.jpg",0,0,false],"1536x1536":["https:\/\/prodelcobre.cl\/nueva\/wp-content\/uploads\/2021\/08\/MINERIA.jpg",1,1,false],"2048x2048":["https:\/\/prodelcobre.cl\/nueva\/wp-content\/uploads\/2021\/08\/MINERIA.jpg",1,1,false],"morenews-featured":["https:\/\/prodelcobre.cl\/nueva\/wp-content\/uploads\/2021\/08\/MINERIA.jpg",1,1,false],"morenews-large":["https:\/\/prodelcobre.cl\/nueva\/wp-content\/uploads\/2021\/08\/MINERIA.jpg",1,1,false],"morenews-medium":["https:\/\/prodelcobre.cl\/nueva\/wp-content\/uploads\/2021\/08\/MINERIA.jpg",1,1,false],"psacp-medium":["https:\/\/prodelcobre.cl\/nueva\/wp-content\/uploads\/2021\/08\/MINERIA.jpg",1,1,false]},"rttpg_author":{"display_name":"Francisco P\u00e9rez Alvi\u00e1rez","author_link":"https:\/\/prodelcobre.cl\/nueva\/author\/fperez\/"},"rttpg_comment":0,"rttpg_category":"<a href=\"https:\/\/prodelcobre.cl\/nueva\/category\/chile\/\" rel=\"category tag\">Chile<\/a> <a href=\"https:\/\/prodelcobre.cl\/nueva\/category\/noticias\/\" rel=\"category tag\">Noticias<\/a>","rttpg_excerpt":"Este aumento se traduce en el m\u00e1s alto de los \u00faltimos ocho a\u00f1os, un hecho que est\u00e1 preocupando","_links":{"self":[{"href":"https:\/\/prodelcobre.cl\/nueva\/wp-json\/wp\/v2\/posts\/9286","targetHints":{"allow":["GET"]}}],"collection":[{"href":"https:\/\/prodelcobre.cl\/nueva\/wp-json\/wp\/v2\/posts"}],"about":[{"href":"https:\/\/prodelcobre.cl\/nueva\/wp-json\/wp\/v2\/types\/post"}],"author":[{"embeddable":true,"href":"https:\/\/prodelcobre.cl\/nueva\/wp-json\/wp\/v2\/users\/3"}],"replies":[{"embeddable":true,"href":"https:\/\/prodelcobre.cl\/nueva\/wp-json\/wp\/v2\/comments?post=9286"}],"version-history":[{"count":1,"href":"https:\/\/prodelcobre.cl\/nueva\/wp-json\/wp\/v2\/posts\/9286\/revisions"}],"predecessor-version":[{"id":9287,"href":"https:\/\/prodelcobre.cl\/nueva\/wp-json\/wp\/v2\/posts\/9286\/revisions\/9287"}],"wp:featuredmedia":[{"embeddable":true,"href":"https:\/\/prodelcobre.cl\/nueva\/wp-json\/wp\/v2\/media\/4361"}],"wp:attachment":[{"href":"https:\/\/prodelcobre.cl\/nueva\/wp-json\/wp\/v2\/media?parent=9286"}],"wp:term":[{"taxonomy":"category","embeddable":true,"href":"https:\/\/prodelcobre.cl\/nueva\/wp-json\/wp\/v2\/categories?post=9286"},{"taxonomy":"post_tag","embeddable":true,"href":"https:\/\/prodelcobre.cl\/nueva\/wp-json\/wp\/v2\/tags?post=9286"}],"curies":[{"name":"wp","href":"https:\/\/api.w.org\/{rel}","templated":true}]}}