{"id":9288,"date":"2023-10-26T09:52:38","date_gmt":"2023-10-26T12:52:38","guid":{"rendered":"https:\/\/prodelcobre.cl\/nueva\/?p=9288"},"modified":"2023-10-26T09:52:40","modified_gmt":"2023-10-26T12:52:40","slug":"comenzo-taller-de-sostenibilidad-en-la-mediana-mineria-de-cochilco-enami-y-cepal","status":"publish","type":"post","link":"https:\/\/prodelcobre.cl\/nueva\/comenzo-taller-de-sostenibilidad-en-la-mediana-mineria-de-cochilco-enami-y-cepal\/","title":{"rendered":"Comenz\u00f3 taller de sostenibilidad en la mediana miner\u00eda de Cochilco, Enami y Cepal"},"content":{"rendered":"\n<h2 class=\"wp-block-heading\">El taller est\u00e1<strong>&nbsp;dirigido a todos los actores de la industria minera con v\u00ednculo<\/strong>&nbsp;e inter\u00e9s en el estudio: \u201cEstudio econ\u00f3mico y el estado de la sostenibilidad de las cadenas de suministro en la mediana miner\u00eda de Chile\u201d.<\/h2>\n\n\n\n<p class=\"has-medium-font-size\">Enami, junto a Cochilco y la Comisi\u00f3n Econ\u00f3moica para Am\u00e9rica Latina y el Caribe (Cepal), organizaron el Taller Nacional: &#8220;<strong>Sostenibilidad en la cadena de suministro en la mediana miner\u00eda de Chile\u201d,<\/strong>&nbsp;en formato hibrido en la Sala Ra\u00fal Prebisch de la CEPAL en Santiago de Chile, el 26 de octubre de 2023, de 9:00 a 12:00.<\/p>\n\n\n\n<p class=\"has-medium-font-size\">El Taller busca difundir objetivos, metodolog\u00eda y primeros resultados del informe: \u201cEstudio econ\u00f3mico y el estado de sostenibilidad de las cadenas de suministro en la mediana miner\u00eda en Chile\u201d.<\/p>\n\n\n\n<p class=\"has-medium-font-size\">Se puede seguir el evento de forma virtual mediante la&nbsp;<a href=\"https:\/\/cepal-org.zoom.us\/webinar\/register\/WN_3ABy5c13S7mzVifT38VPDw\" target=\"_blank\" rel=\"noreferrer noopener\">plataforma Zoom<\/a>.<\/p>\n","protected":false},"excerpt":{"rendered":"<p>El taller est\u00e1&nbsp;dirigido a todos los actores de la industria minera con v\u00ednculo&nbsp;e inter\u00e9s en el estudio: \u201cEstudio<\/p>\n","protected":false},"author":3,"featured_media":6075,"comment_status":"closed","ping_status":"closed","sticky":false,"template":"","format":"standard","meta":{"footnotes":""},"categories":[51,52],"tags":[89],"class_list":["post-9288","post","type-post","status-publish","format-standard","has-post-thumbnail","hentry","category-chile","category-noticias","tag-mineria-4"],"rttpg_featured_image_url":{"full":["https:\/\/prodelcobre.cl\/nueva\/wp-content\/uploads\/2022\/07\/mineria-geologi.jpg",962,643,false],"landscape":["https:\/\/prodelcobre.cl\/nueva\/wp-content\/uploads\/2022\/07\/mineria-geologi.jpg",962,643,false],"portraits":["https:\/\/prodelcobre.cl\/nueva\/wp-content\/uploads\/2022\/07\/mineria-geologi.jpg",962,643,false],"thumbnail":["https:\/\/prodelcobre.cl\/nueva\/wp-content\/uploads\/2022\/07\/mineria-geologi-150x150.jpg",150,150,true],"medium":["https:\/\/prodelcobre.cl\/nueva\/wp-content\/uploads\/2022\/07\/mineria-geologi.jpg",962,643,false],"large":["https:\/\/prodelcobre.cl\/nueva\/wp-content\/uploads\/2022\/07\/mineria-geologi.jpg",962,643,false],"1536x1536":["https:\/\/prodelcobre.cl\/nueva\/wp-content\/uploads\/2022\/07\/mineria-geologi.jpg",962,643,false],"2048x2048":["https:\/\/prodelcobre.cl\/nueva\/wp-content\/uploads\/2022\/07\/mineria-geologi.jpg",962,643,false],"morenews-featured":["https:\/\/prodelcobre.cl\/nueva\/wp-content\/uploads\/2022\/07\/mineria-geologi.jpg",962,643,false],"morenews-large":["https:\/\/prodelcobre.cl\/nueva\/wp-content\/uploads\/2022\/07\/mineria-geologi.jpg",825,551,false],"morenews-medium":["https:\/\/prodelcobre.cl\/nueva\/wp-content\/uploads\/2022\/07\/mineria-geologi.jpg",590,394,false],"psacp-medium":["https:\/\/prodelcobre.cl\/nueva\/wp-content\/uploads\/2022\/07\/mineria-geologi.jpg",500,334,false]},"rttpg_author":{"display_name":"Francisco P\u00e9rez Alvi\u00e1rez","author_link":"https:\/\/prodelcobre.cl\/nueva\/author\/fperez\/"},"rttpg_comment":0,"rttpg_category":"<a href=\"https:\/\/prodelcobre.cl\/nueva\/category\/chile\/\" rel=\"category tag\">Chile<\/a> <a href=\"https:\/\/prodelcobre.cl\/nueva\/category\/noticias\/\" rel=\"category tag\">Noticias<\/a>","rttpg_excerpt":"El taller est\u00e1&nbsp;dirigido a todos los actores de la industria minera con v\u00ednculo&nbsp;e inter\u00e9s en el estudio: \u201cEstudio","_links":{"self":[{"href":"https:\/\/prodelcobre.cl\/nueva\/wp-json\/wp\/v2\/posts\/9288","targetHints":{"allow":["GET"]}}],"collection":[{"href":"https:\/\/prodelcobre.cl\/nueva\/wp-json\/wp\/v2\/posts"}],"about":[{"href":"https:\/\/prodelcobre.cl\/nueva\/wp-json\/wp\/v2\/types\/post"}],"author":[{"embeddable":true,"href":"https:\/\/prodelcobre.cl\/nueva\/wp-json\/wp\/v2\/users\/3"}],"replies":[{"embeddable":true,"href":"https:\/\/prodelcobre.cl\/nueva\/wp-json\/wp\/v2\/comments?post=9288"}],"version-history":[{"count":1,"href":"https:\/\/prodelcobre.cl\/nueva\/wp-json\/wp\/v2\/posts\/9288\/revisions"}],"predecessor-version":[{"id":9289,"href":"https:\/\/prodelcobre.cl\/nueva\/wp-json\/wp\/v2\/posts\/9288\/revisions\/9289"}],"wp:featuredmedia":[{"embeddable":true,"href":"https:\/\/prodelcobre.cl\/nueva\/wp-json\/wp\/v2\/media\/6075"}],"wp:attachment":[{"href":"https:\/\/prodelcobre.cl\/nueva\/wp-json\/wp\/v2\/media?parent=9288"}],"wp:term":[{"taxonomy":"category","embeddable":true,"href":"https:\/\/prodelcobre.cl\/nueva\/wp-json\/wp\/v2\/categories?post=9288"},{"taxonomy":"post_tag","embeddable":true,"href":"https:\/\/prodelcobre.cl\/nueva\/wp-json\/wp\/v2\/tags?post=9288"}],"curies":[{"name":"wp","href":"https:\/\/api.w.org\/{rel}","templated":true}]}}