{"id":9290,"date":"2023-10-26T10:01:46","date_gmt":"2023-10-26T13:01:46","guid":{"rendered":"https:\/\/prodelcobre.cl\/nueva\/?p=9290"},"modified":"2023-10-26T10:01:48","modified_gmt":"2023-10-26T13:01:48","slug":"se-constituyo-comision-investigadora-de-la-empresa-nacional-de-mineria","status":"publish","type":"post","link":"https:\/\/prodelcobre.cl\/nueva\/se-constituyo-comision-investigadora-de-la-empresa-nacional-de-mineria\/","title":{"rendered":"Se constituy\u00f3 comisi\u00f3n investigadora de la Empresa Nacional de Miner\u00eda"},"content":{"rendered":"\n<h2 class=\"wp-block-heading\">La instancia tendr\u00e1 un&nbsp;plazo m\u00e1ximo de 90 d\u00edas para reunir informaci\u00f3n sobre la administraci\u00f3n y estados financieros de la estatal. El grupo parlamentario sesionar\u00e1 los lunes, a partir de las 15:45 horas.<\/h2>\n\n\n\n<p class=\"has-medium-font-size\">Se constituy\u00f3 la Comisi\u00f3n Investigadora de la Empresa Nacional de Miner\u00eda, una instancia presidida por la diputada Daniella Cicardini, la cual investigar\u00e1 eventuales <strong>adulteraciones de informaci\u00f3n e irregularidades <\/strong>dentro de la gesti\u00f3n de la estatal.<\/p>\n\n\n\n<p class=\"has-medium-font-size\"><strong>Para la primera sesi\u00f3n de audiencias se acord\u00f3 citar al actual vicepresidente Ejecutivo de Enami, Iv\u00e1n Mlynarz<\/strong>. La idea es que aporte antecedentes de las auditor\u00edas internas realizadas por la empresa a la gesti\u00f3n anterior.<\/p>\n\n\n\n<p class=\"has-medium-font-size\">La instancia tendr\u00e1 un&nbsp;<strong>plazo m\u00e1ximo de 90 d\u00edas para reunir informaci\u00f3n sobre la administraci\u00f3n y estados financieros de la estatal<\/strong>. El grupo parlamentario sesionar\u00e1 los lunes, a partir de las 15:45 horas.<\/p>\n","protected":false},"excerpt":{"rendered":"<p>La instancia tendr\u00e1 un&nbsp;plazo m\u00e1ximo de 90 d\u00edas para reunir informaci\u00f3n sobre la administraci\u00f3n y estados financieros de<\/p>\n","protected":false},"author":3,"featured_media":6098,"comment_status":"closed","ping_status":"closed","sticky":false,"template":"","format":"standard","meta":{"footnotes":""},"categories":[51,52],"tags":[89],"class_list":["post-9290","post","type-post","status-publish","format-standard","has-post-thumbnail","hentry","category-chile","category-noticias","tag-mineria-4"],"rttpg_featured_image_url":{"full":["https:\/\/prodelcobre.cl\/nueva\/wp-content\/uploads\/2022\/08\/ley-juicio.jpg",965,641,false],"landscape":["https:\/\/prodelcobre.cl\/nueva\/wp-content\/uploads\/2022\/08\/ley-juicio.jpg",965,641,false],"portraits":["https:\/\/prodelcobre.cl\/nueva\/wp-content\/uploads\/2022\/08\/ley-juicio.jpg",965,641,false],"thumbnail":["https:\/\/prodelcobre.cl\/nueva\/wp-content\/uploads\/2022\/08\/ley-juicio-150x150.jpg",150,150,true],"medium":["https:\/\/prodelcobre.cl\/nueva\/wp-content\/uploads\/2022\/08\/ley-juicio.jpg",965,641,false],"large":["https:\/\/prodelcobre.cl\/nueva\/wp-content\/uploads\/2022\/08\/ley-juicio.jpg",965,641,false],"1536x1536":["https:\/\/prodelcobre.cl\/nueva\/wp-content\/uploads\/2022\/08\/ley-juicio.jpg",965,641,false],"2048x2048":["https:\/\/prodelcobre.cl\/nueva\/wp-content\/uploads\/2022\/08\/ley-juicio.jpg",965,641,false],"morenews-featured":["https:\/\/prodelcobre.cl\/nueva\/wp-content\/uploads\/2022\/08\/ley-juicio.jpg",965,641,false],"morenews-large":["https:\/\/prodelcobre.cl\/nueva\/wp-content\/uploads\/2022\/08\/ley-juicio.jpg",825,548,false],"morenews-medium":["https:\/\/prodelcobre.cl\/nueva\/wp-content\/uploads\/2022\/08\/ley-juicio.jpg",590,392,false],"psacp-medium":["https:\/\/prodelcobre.cl\/nueva\/wp-content\/uploads\/2022\/08\/ley-juicio.jpg",500,332,false]},"rttpg_author":{"display_name":"Francisco P\u00e9rez Alvi\u00e1rez","author_link":"https:\/\/prodelcobre.cl\/nueva\/author\/fperez\/"},"rttpg_comment":0,"rttpg_category":"<a href=\"https:\/\/prodelcobre.cl\/nueva\/category\/chile\/\" rel=\"category tag\">Chile<\/a> <a href=\"https:\/\/prodelcobre.cl\/nueva\/category\/noticias\/\" rel=\"category tag\">Noticias<\/a>","rttpg_excerpt":"La instancia tendr\u00e1 un&nbsp;plazo m\u00e1ximo de 90 d\u00edas para reunir informaci\u00f3n sobre la administraci\u00f3n y estados financieros de","_links":{"self":[{"href":"https:\/\/prodelcobre.cl\/nueva\/wp-json\/wp\/v2\/posts\/9290","targetHints":{"allow":["GET"]}}],"collection":[{"href":"https:\/\/prodelcobre.cl\/nueva\/wp-json\/wp\/v2\/posts"}],"about":[{"href":"https:\/\/prodelcobre.cl\/nueva\/wp-json\/wp\/v2\/types\/post"}],"author":[{"embeddable":true,"href":"https:\/\/prodelcobre.cl\/nueva\/wp-json\/wp\/v2\/users\/3"}],"replies":[{"embeddable":true,"href":"https:\/\/prodelcobre.cl\/nueva\/wp-json\/wp\/v2\/comments?post=9290"}],"version-history":[{"count":1,"href":"https:\/\/prodelcobre.cl\/nueva\/wp-json\/wp\/v2\/posts\/9290\/revisions"}],"predecessor-version":[{"id":9291,"href":"https:\/\/prodelcobre.cl\/nueva\/wp-json\/wp\/v2\/posts\/9290\/revisions\/9291"}],"wp:featuredmedia":[{"embeddable":true,"href":"https:\/\/prodelcobre.cl\/nueva\/wp-json\/wp\/v2\/media\/6098"}],"wp:attachment":[{"href":"https:\/\/prodelcobre.cl\/nueva\/wp-json\/wp\/v2\/media?parent=9290"}],"wp:term":[{"taxonomy":"category","embeddable":true,"href":"https:\/\/prodelcobre.cl\/nueva\/wp-json\/wp\/v2\/categories?post=9290"},{"taxonomy":"post_tag","embeddable":true,"href":"https:\/\/prodelcobre.cl\/nueva\/wp-json\/wp\/v2\/tags?post=9290"}],"curies":[{"name":"wp","href":"https:\/\/api.w.org\/{rel}","templated":true}]}}