{"id":9292,"date":"2023-10-26T10:50:45","date_gmt":"2023-10-26T13:50:45","guid":{"rendered":"https:\/\/prodelcobre.cl\/nueva\/?p=9292"},"modified":"2023-10-26T10:50:47","modified_gmt":"2023-10-26T13:50:47","slug":"voto-unanime-de-la-camara-apoyo-la-politica-internacional-marco-sobre-salud-y-seguridad-minera","status":"publish","type":"post","link":"https:\/\/prodelcobre.cl\/nueva\/voto-unanime-de-la-camara-apoyo-la-politica-internacional-marco-sobre-salud-y-seguridad-minera\/","title":{"rendered":"Voto un\u00e1nime de la C\u00e1mara apoy\u00f3 la pol\u00edtica internacional marco sobre salud y seguridad minera"},"content":{"rendered":"\n<h2 class=\"wp-block-heading\">El acuerdo define las responsabilidades de las y los empleadores. Al mismo tiempo, especifica los derechos y obligaciones de las y los trabajadores del sector minero.<\/h2>\n\n\n\n<p class=\"has-medium-font-size\">En una nota de prensa de la C\u00e1mara se dio a conocer la aprobaci\u00f3n por la Sala y de forma un\u00e1nime del env\u00edo a segundo tr\u00e1mite del Convenio OIT 176, el cual define las responsabilidades de empleadores del sector minero, as\u00ed como los derechos y obligaciones de las y los trabajadores. Adem\u00e1s, exige a los Estados la adopci\u00f3n de medidas destinadas a garantizar su aplicaci\u00f3n.<\/p>\n\n\n\n<p class=\"has-medium-font-size\">Este convenio sobre seguridad y salud en las minas se adopt\u00f3 en la 82\u00aa Conferencia General de la&nbsp;Organizaci\u00f3n Internacional del Trabajo, el 22 de junio de 1995. As\u00ed se da cuenta en los informes de las comisi\u00f3n de Relaciones Exteriores y de Trabajo, rendidos por&nbsp;Carmen Hertz&nbsp;(PC) y&nbsp;H\u00e9ctor Ulloa&nbsp;(IND), respectivamente.<\/p>\n\n\n\n<p class=\"has-medium-font-size\">El Convenio 176 de la OIT se aplica a todas las formas de miner\u00eda. Incluye los emplazamientos subterr\u00e1neos o de superficie. Tambi\u00e9n a las m\u00e1quinas y estructuras utilizadas en la exploraci\u00f3n, extracci\u00f3n y preparaci\u00f3n de minerales.<\/p>\n","protected":false},"excerpt":{"rendered":"<p>El acuerdo define las responsabilidades de las y los empleadores. Al mismo tiempo, especifica los derechos y obligaciones<\/p>\n","protected":false},"author":3,"featured_media":6182,"comment_status":"closed","ping_status":"closed","sticky":false,"template":"","format":"standard","meta":{"footnotes":""},"categories":[51,52],"tags":[89],"class_list":["post-9292","post","type-post","status-publish","format-standard","has-post-thumbnail","hentry","category-chile","category-noticias","tag-mineria-4"],"rttpg_featured_image_url":{"full":["https:\/\/prodelcobre.cl\/nueva\/wp-content\/uploads\/2022\/08\/Minero-Freepik.jpg",525,350,false],"landscape":["https:\/\/prodelcobre.cl\/nueva\/wp-content\/uploads\/2022\/08\/Minero-Freepik.jpg",525,350,false],"portraits":["https:\/\/prodelcobre.cl\/nueva\/wp-content\/uploads\/2022\/08\/Minero-Freepik.jpg",525,350,false],"thumbnail":["https:\/\/prodelcobre.cl\/nueva\/wp-content\/uploads\/2022\/08\/Minero-Freepik-150x150.jpg",150,150,true],"medium":["https:\/\/prodelcobre.cl\/nueva\/wp-content\/uploads\/2022\/08\/Minero-Freepik.jpg",525,350,false],"large":["https:\/\/prodelcobre.cl\/nueva\/wp-content\/uploads\/2022\/08\/Minero-Freepik.jpg",525,350,false],"1536x1536":["https:\/\/prodelcobre.cl\/nueva\/wp-content\/uploads\/2022\/08\/Minero-Freepik.jpg",525,350,false],"2048x2048":["https:\/\/prodelcobre.cl\/nueva\/wp-content\/uploads\/2022\/08\/Minero-Freepik.jpg",525,350,false],"morenews-featured":["https:\/\/prodelcobre.cl\/nueva\/wp-content\/uploads\/2022\/08\/Minero-Freepik.jpg",525,350,false],"morenews-large":["https:\/\/prodelcobre.cl\/nueva\/wp-content\/uploads\/2022\/08\/Minero-Freepik.jpg",525,350,false],"morenews-medium":["https:\/\/prodelcobre.cl\/nueva\/wp-content\/uploads\/2022\/08\/Minero-Freepik.jpg",525,350,false],"psacp-medium":["https:\/\/prodelcobre.cl\/nueva\/wp-content\/uploads\/2022\/08\/Minero-Freepik.jpg",500,333,false]},"rttpg_author":{"display_name":"Francisco P\u00e9rez Alvi\u00e1rez","author_link":"https:\/\/prodelcobre.cl\/nueva\/author\/fperez\/"},"rttpg_comment":0,"rttpg_category":"<a href=\"https:\/\/prodelcobre.cl\/nueva\/category\/chile\/\" rel=\"category tag\">Chile<\/a> <a href=\"https:\/\/prodelcobre.cl\/nueva\/category\/noticias\/\" rel=\"category tag\">Noticias<\/a>","rttpg_excerpt":"El acuerdo define las responsabilidades de las y los empleadores. Al mismo tiempo, especifica los derechos y obligaciones","_links":{"self":[{"href":"https:\/\/prodelcobre.cl\/nueva\/wp-json\/wp\/v2\/posts\/9292","targetHints":{"allow":["GET"]}}],"collection":[{"href":"https:\/\/prodelcobre.cl\/nueva\/wp-json\/wp\/v2\/posts"}],"about":[{"href":"https:\/\/prodelcobre.cl\/nueva\/wp-json\/wp\/v2\/types\/post"}],"author":[{"embeddable":true,"href":"https:\/\/prodelcobre.cl\/nueva\/wp-json\/wp\/v2\/users\/3"}],"replies":[{"embeddable":true,"href":"https:\/\/prodelcobre.cl\/nueva\/wp-json\/wp\/v2\/comments?post=9292"}],"version-history":[{"count":1,"href":"https:\/\/prodelcobre.cl\/nueva\/wp-json\/wp\/v2\/posts\/9292\/revisions"}],"predecessor-version":[{"id":9293,"href":"https:\/\/prodelcobre.cl\/nueva\/wp-json\/wp\/v2\/posts\/9292\/revisions\/9293"}],"wp:featuredmedia":[{"embeddable":true,"href":"https:\/\/prodelcobre.cl\/nueva\/wp-json\/wp\/v2\/media\/6182"}],"wp:attachment":[{"href":"https:\/\/prodelcobre.cl\/nueva\/wp-json\/wp\/v2\/media?parent=9292"}],"wp:term":[{"taxonomy":"category","embeddable":true,"href":"https:\/\/prodelcobre.cl\/nueva\/wp-json\/wp\/v2\/categories?post=9292"},{"taxonomy":"post_tag","embeddable":true,"href":"https:\/\/prodelcobre.cl\/nueva\/wp-json\/wp\/v2\/tags?post=9292"}],"curies":[{"name":"wp","href":"https:\/\/api.w.org\/{rel}","templated":true}]}}