{"id":9297,"date":"2023-10-30T09:44:24","date_gmt":"2023-10-30T12:44:24","guid":{"rendered":"https:\/\/prodelcobre.cl\/nueva\/?p=9297"},"modified":"2023-10-30T09:44:27","modified_gmt":"2023-10-30T12:44:27","slug":"importantes-actores-del-sector-se-reunieron-en-el-congreso-de-mineria-y-energia-del-futuro","status":"publish","type":"post","link":"https:\/\/prodelcobre.cl\/nueva\/importantes-actores-del-sector-se-reunieron-en-el-congreso-de-mineria-y-energia-del-futuro\/","title":{"rendered":"Importantes actores del sector se reunieron en el Congreso de Miner\u00eda y Energ\u00eda del Futuro"},"content":{"rendered":"\n<h2 class=\"wp-block-heading\">El Sal\u00f3n de Honor del ex Congreso Nacional fue el lugar donde se dieron cita importantes representantes gracias a la organizaci\u00f3n de las comisiones de Miner\u00eda y Energ\u00eda; y de Desaf\u00edos del Futuro, Ciencia, Tecnolog\u00eda e Innovaci\u00f3n, entre otras. <\/h2>\n\n\n\n<p class=\"has-medium-font-size\">Entre el 25 y 26 de octubre se llev\u00f3 a cabo el Primer Congreso de Miner\u00eda y Energ\u00eda del Futuro, una actividad organizada por las comisiones de Miner\u00eda y Energ\u00eda; y de Desaf\u00edos del Futuro, Ciencia Tecnolog\u00eda e Innovaci\u00f3n; Congreso Futuro y Fundaci\u00f3n Encuentros del Futuro.<\/p>\n\n\n\n<p class=\"has-medium-font-size\">En la actividad que se realiz\u00f3 en el Sal\u00f3n de Honor del ex Congreso Nacional, se reunieron diversos expertos en litio, desarrollo sostenible e hidr\u00f3geno verde, as\u00ed como representantes del poder Ejecutivo y Legislativo, incluso contando con la participaci\u00f3n del ministro de Hacienda, Mario Marcel; del Presidente del Senado, el senador Juan Antonio Coloma; y del Presidente de la C\u00e1mara de Diputadas y Diputados, el diputado Ricardo Cifuentes. De manera presencial, hizo uso de la palabra, el integrante de la Comisi\u00f3n de Miner\u00eda y Energ\u00eda, el senador Jos\u00e9 Miguel Durana; y el vicepresidente de la Fundaci\u00f3n Encuentros del Futuro, Guido Girardi.<\/p>\n","protected":false},"excerpt":{"rendered":"<p>El Sal\u00f3n de Honor del ex Congreso Nacional fue el lugar donde se dieron cita importantes representantes gracias<\/p>\n","protected":false},"author":3,"featured_media":5243,"comment_status":"closed","ping_status":"closed","sticky":false,"template":"","format":"standard","meta":{"footnotes":""},"categories":[51,59,52],"tags":[90,89],"class_list":["post-9297","post","type-post","status-publish","format-standard","has-post-thumbnail","hentry","category-chile","category-energia","category-noticias","tag-energia","tag-mineria-4"],"rttpg_featured_image_url":{"full":["https:\/\/prodelcobre.cl\/nueva\/wp-content\/uploads\/2022\/04\/energia.jpg",717,472,false],"landscape":["https:\/\/prodelcobre.cl\/nueva\/wp-content\/uploads\/2022\/04\/energia.jpg",717,472,false],"portraits":["https:\/\/prodelcobre.cl\/nueva\/wp-content\/uploads\/2022\/04\/energia.jpg",717,472,false],"thumbnail":["https:\/\/prodelcobre.cl\/nueva\/wp-content\/uploads\/2022\/04\/energia-150x150.jpg",150,150,true],"medium":["https:\/\/prodelcobre.cl\/nueva\/wp-content\/uploads\/2022\/04\/energia.jpg",717,472,false],"large":["https:\/\/prodelcobre.cl\/nueva\/wp-content\/uploads\/2022\/04\/energia.jpg",717,472,false],"1536x1536":["https:\/\/prodelcobre.cl\/nueva\/wp-content\/uploads\/2022\/04\/energia.jpg",717,472,false],"2048x2048":["https:\/\/prodelcobre.cl\/nueva\/wp-content\/uploads\/2022\/04\/energia.jpg",717,472,false],"morenews-featured":["https:\/\/prodelcobre.cl\/nueva\/wp-content\/uploads\/2022\/04\/energia.jpg",717,472,false],"morenews-large":["https:\/\/prodelcobre.cl\/nueva\/wp-content\/uploads\/2022\/04\/energia.jpg",717,472,false],"morenews-medium":["https:\/\/prodelcobre.cl\/nueva\/wp-content\/uploads\/2022\/04\/energia.jpg",590,388,false],"psacp-medium":["https:\/\/prodelcobre.cl\/nueva\/wp-content\/uploads\/2022\/04\/energia.jpg",500,329,false]},"rttpg_author":{"display_name":"Francisco P\u00e9rez Alvi\u00e1rez","author_link":"https:\/\/prodelcobre.cl\/nueva\/author\/fperez\/"},"rttpg_comment":0,"rttpg_category":"<a href=\"https:\/\/prodelcobre.cl\/nueva\/category\/chile\/\" rel=\"category tag\">Chile<\/a> <a href=\"https:\/\/prodelcobre.cl\/nueva\/category\/energia\/\" rel=\"category tag\">Energ\u00eda<\/a> <a href=\"https:\/\/prodelcobre.cl\/nueva\/category\/noticias\/\" rel=\"category tag\">Noticias<\/a>","rttpg_excerpt":"El Sal\u00f3n de Honor del ex Congreso Nacional fue el lugar donde se dieron cita importantes representantes gracias","_links":{"self":[{"href":"https:\/\/prodelcobre.cl\/nueva\/wp-json\/wp\/v2\/posts\/9297","targetHints":{"allow":["GET"]}}],"collection":[{"href":"https:\/\/prodelcobre.cl\/nueva\/wp-json\/wp\/v2\/posts"}],"about":[{"href":"https:\/\/prodelcobre.cl\/nueva\/wp-json\/wp\/v2\/types\/post"}],"author":[{"embeddable":true,"href":"https:\/\/prodelcobre.cl\/nueva\/wp-json\/wp\/v2\/users\/3"}],"replies":[{"embeddable":true,"href":"https:\/\/prodelcobre.cl\/nueva\/wp-json\/wp\/v2\/comments?post=9297"}],"version-history":[{"count":1,"href":"https:\/\/prodelcobre.cl\/nueva\/wp-json\/wp\/v2\/posts\/9297\/revisions"}],"predecessor-version":[{"id":9299,"href":"https:\/\/prodelcobre.cl\/nueva\/wp-json\/wp\/v2\/posts\/9297\/revisions\/9299"}],"wp:featuredmedia":[{"embeddable":true,"href":"https:\/\/prodelcobre.cl\/nueva\/wp-json\/wp\/v2\/media\/5243"}],"wp:attachment":[{"href":"https:\/\/prodelcobre.cl\/nueva\/wp-json\/wp\/v2\/media?parent=9297"}],"wp:term":[{"taxonomy":"category","embeddable":true,"href":"https:\/\/prodelcobre.cl\/nueva\/wp-json\/wp\/v2\/categories?post=9297"},{"taxonomy":"post_tag","embeddable":true,"href":"https:\/\/prodelcobre.cl\/nueva\/wp-json\/wp\/v2\/tags?post=9297"}],"curies":[{"name":"wp","href":"https:\/\/api.w.org\/{rel}","templated":true}]}}