{"id":9302,"date":"2023-10-30T10:57:10","date_gmt":"2023-10-30T13:57:10","guid":{"rendered":"https:\/\/prodelcobre.cl\/nueva\/?p=9302"},"modified":"2023-10-30T10:57:11","modified_gmt":"2023-10-30T13:57:11","slug":"codelco-reporto-una-caida-del-65-en-sus-excedentes-al-tercer-trimestre","status":"publish","type":"post","link":"https:\/\/prodelcobre.cl\/nueva\/codelco-reporto-una-caida-del-65-en-sus-excedentes-al-tercer-trimestre\/","title":{"rendered":"Codelco report\u00f3 una ca\u00edda del 65% en sus excedentes al tercer trimestre"},"content":{"rendered":"\n<h2 class=\"wp-block-heading\">La estatal report\u00f3 una menor venta de cobre, un incremento en sus costos operacionales y en general una importante disminuci\u00f3n de sus excedentes.<\/h2>\n\n\n\n<p class=\"has-medium-font-size\">Codelco, en sus informes financieros del tercer trimestre dirigidos a la Comisi\u00f3n para el Mercado Financiero, reportaron una ca\u00edda del 65% de los excedentes aportados al fisco, esto producto de una menor venta de cobre, un incremento en gastos operacionales y no operacionales, dando como resultado un Ebitda de US $3.237 millones.<\/p>\n\n\n\n<p class=\"has-medium-font-size\">De acuerdo a los informes, se report\u00f3 una cantidad de US$ 917 millones al fisco, en comparaci\u00f3n con los US $2.606 millones reportados en el mismo per\u00edodo del a\u00f1o 2022.<\/p>\n\n\n\n<p class=\"has-medium-font-size\">Por su parte, <strong>Codelco ha iniciado un plan robusto para mejorar su operatividad<\/strong>. Actualizaciones en modelos de operaci\u00f3n, desarrollo minero y mantenimientos mayores han sido implementados. El tercer trimestre mostr\u00f3 signos de recuperaci\u00f3n, con una producci\u00f3n de cobre que aument\u00f3 2,1% respecto al mismo per\u00edodo de 2022.<\/p>\n","protected":false},"excerpt":{"rendered":"<p>La estatal report\u00f3 una menor venta de cobre, un incremento en sus costos operacionales y en general una<\/p>\n","protected":false},"author":3,"featured_media":8063,"comment_status":"closed","ping_status":"closed","sticky":false,"template":"","format":"standard","meta":{"footnotes":""},"categories":[51,52],"tags":[101,89],"class_list":["post-9302","post","type-post","status-publish","format-standard","has-post-thumbnail","hentry","category-chile","category-noticias","tag-codelco","tag-mineria-4"],"rttpg_featured_image_url":{"full":["https:\/\/prodelcobre.cl\/nueva\/wp-content\/uploads\/2023\/04\/codelco-1.jpg",1069,624,false],"landscape":["https:\/\/prodelcobre.cl\/nueva\/wp-content\/uploads\/2023\/04\/codelco-1.jpg",1069,624,false],"portraits":["https:\/\/prodelcobre.cl\/nueva\/wp-content\/uploads\/2023\/04\/codelco-1.jpg",1069,624,false],"thumbnail":["https:\/\/prodelcobre.cl\/nueva\/wp-content\/uploads\/2023\/04\/codelco-1-150x150.jpg",150,150,true],"medium":["https:\/\/prodelcobre.cl\/nueva\/wp-content\/uploads\/2023\/04\/codelco-1.jpg",1069,624,false],"large":["https:\/\/prodelcobre.cl\/nueva\/wp-content\/uploads\/2023\/04\/codelco-1.jpg",1069,624,false],"1536x1536":["https:\/\/prodelcobre.cl\/nueva\/wp-content\/uploads\/2023\/04\/codelco-1.jpg",1069,624,false],"2048x2048":["https:\/\/prodelcobre.cl\/nueva\/wp-content\/uploads\/2023\/04\/codelco-1.jpg",1069,624,false],"morenews-featured":["https:\/\/prodelcobre.cl\/nueva\/wp-content\/uploads\/2023\/04\/codelco-1.jpg",1024,598,false],"morenews-large":["https:\/\/prodelcobre.cl\/nueva\/wp-content\/uploads\/2023\/04\/codelco-1.jpg",825,482,false],"morenews-medium":["https:\/\/prodelcobre.cl\/nueva\/wp-content\/uploads\/2023\/04\/codelco-1.jpg",590,344,false],"psacp-medium":["https:\/\/prodelcobre.cl\/nueva\/wp-content\/uploads\/2023\/04\/codelco-1.jpg",500,292,false]},"rttpg_author":{"display_name":"Francisco P\u00e9rez Alvi\u00e1rez","author_link":"https:\/\/prodelcobre.cl\/nueva\/author\/fperez\/"},"rttpg_comment":0,"rttpg_category":"<a href=\"https:\/\/prodelcobre.cl\/nueva\/category\/chile\/\" rel=\"category tag\">Chile<\/a> <a href=\"https:\/\/prodelcobre.cl\/nueva\/category\/noticias\/\" rel=\"category tag\">Noticias<\/a>","rttpg_excerpt":"La estatal report\u00f3 una menor venta de cobre, un incremento en sus costos operacionales y en general una","_links":{"self":[{"href":"https:\/\/prodelcobre.cl\/nueva\/wp-json\/wp\/v2\/posts\/9302","targetHints":{"allow":["GET"]}}],"collection":[{"href":"https:\/\/prodelcobre.cl\/nueva\/wp-json\/wp\/v2\/posts"}],"about":[{"href":"https:\/\/prodelcobre.cl\/nueva\/wp-json\/wp\/v2\/types\/post"}],"author":[{"embeddable":true,"href":"https:\/\/prodelcobre.cl\/nueva\/wp-json\/wp\/v2\/users\/3"}],"replies":[{"embeddable":true,"href":"https:\/\/prodelcobre.cl\/nueva\/wp-json\/wp\/v2\/comments?post=9302"}],"version-history":[{"count":1,"href":"https:\/\/prodelcobre.cl\/nueva\/wp-json\/wp\/v2\/posts\/9302\/revisions"}],"predecessor-version":[{"id":9303,"href":"https:\/\/prodelcobre.cl\/nueva\/wp-json\/wp\/v2\/posts\/9302\/revisions\/9303"}],"wp:featuredmedia":[{"embeddable":true,"href":"https:\/\/prodelcobre.cl\/nueva\/wp-json\/wp\/v2\/media\/8063"}],"wp:attachment":[{"href":"https:\/\/prodelcobre.cl\/nueva\/wp-json\/wp\/v2\/media?parent=9302"}],"wp:term":[{"taxonomy":"category","embeddable":true,"href":"https:\/\/prodelcobre.cl\/nueva\/wp-json\/wp\/v2\/categories?post=9302"},{"taxonomy":"post_tag","embeddable":true,"href":"https:\/\/prodelcobre.cl\/nueva\/wp-json\/wp\/v2\/tags?post=9302"}],"curies":[{"name":"wp","href":"https:\/\/api.w.org\/{rel}","templated":true}]}}