{"id":9307,"date":"2023-10-30T18:38:16","date_gmt":"2023-10-30T21:38:16","guid":{"rendered":"https:\/\/prodelcobre.cl\/nueva\/?p=9307"},"modified":"2023-10-30T18:38:17","modified_gmt":"2023-10-30T21:38:17","slug":"presidente-gabriel-boric-participo-en-la-inauguracion-de-qb2-en-tarapaca","status":"publish","type":"post","link":"https:\/\/prodelcobre.cl\/nueva\/presidente-gabriel-boric-participo-en-la-inauguracion-de-qb2-en-tarapaca\/","title":{"rendered":"Presidente Gabriel Boric particip\u00f3 en la inauguraci\u00f3n de QB2 en Tarapac\u00e1"},"content":{"rendered":"\n<h2 class=\"wp-block-heading\">Se trata de&nbsp;la apertura de uno de los&nbsp;mayores proyectos mineros que se est\u00e1 construyendo en el mundo ubicado en la regi\u00f3n de Tarapac\u00e1 a 250 kil\u00f3metros al sur de Iquique.<\/h2>\n\n\n\n<p class=\"has-medium-font-size\">El Presidente de la Rep\u00fablica, Gabriel Boric, particip\u00f3 de la&nbsp;<strong>inauguraci\u00f3n del proyecto de la minera canadiense Teck&nbsp;Quebrada Blanca Fase 2,<\/strong>&nbsp;ubicado en la regi\u00f3n de Tarapac\u00e1 a 250 kil\u00f3metros al sur de Iquique y a m\u00e1s de 4.400 metros de altura sobre el nivel del mar catalogado entre los proyectos mineros de mayor importancia a nivel mundial.<\/p>\n\n\n\n<p class=\"has-medium-font-size\">Boric indic\u00f3 que este proyecto &#8220;<strong>no solamente va a permitir avanzar a Chile con nuestras metas de producci\u00f3n de cobre,<strong>&nbsp;sino tambi\u00e9n impulsa el crecimiento econ\u00f3mico, genera miles de empleos, much\u00edsimos de ellos empleos locales para Tarapac\u00e1,<\/strong>&nbsp;trae beneficios tangibles a la regi\u00f3n y aporta desde esta zona a la transici\u00f3n energ\u00e9tica mundial<\/strong>&#8220;.<\/p>\n","protected":false},"excerpt":{"rendered":"<p>Se trata de&nbsp;la apertura de uno de los&nbsp;mayores proyectos mineros que se est\u00e1 construyendo en el mundo ubicado<\/p>\n","protected":false},"author":3,"featured_media":9308,"comment_status":"closed","ping_status":"closed","sticky":false,"template":"","format":"standard","meta":{"footnotes":""},"categories":[51,52],"tags":[156,479],"class_list":["post-9307","post","type-post","status-publish","format-standard","has-post-thumbnail","hentry","category-chile","category-noticias","tag-boric","tag-tarapaca-2"],"rttpg_featured_image_url":{"full":["https:\/\/prodelcobre.cl\/nueva\/wp-content\/uploads\/2023\/10\/boric-.jpg",1311,881,false],"landscape":["https:\/\/prodelcobre.cl\/nueva\/wp-content\/uploads\/2023\/10\/boric-.jpg",1311,881,false],"portraits":["https:\/\/prodelcobre.cl\/nueva\/wp-content\/uploads\/2023\/10\/boric-.jpg",1311,881,false],"thumbnail":["https:\/\/prodelcobre.cl\/nueva\/wp-content\/uploads\/2023\/10\/boric--150x150.jpg",150,150,true],"medium":["https:\/\/prodelcobre.cl\/nueva\/wp-content\/uploads\/2023\/10\/boric-.jpg",1311,881,false],"large":["https:\/\/prodelcobre.cl\/nueva\/wp-content\/uploads\/2023\/10\/boric-.jpg",1311,881,false],"1536x1536":["https:\/\/prodelcobre.cl\/nueva\/wp-content\/uploads\/2023\/10\/boric-.jpg",1311,881,false],"2048x2048":["https:\/\/prodelcobre.cl\/nueva\/wp-content\/uploads\/2023\/10\/boric-.jpg",1311,881,false],"morenews-featured":["https:\/\/prodelcobre.cl\/nueva\/wp-content\/uploads\/2023\/10\/boric--1024x688.jpg",1024,688,true],"morenews-large":["https:\/\/prodelcobre.cl\/nueva\/wp-content\/uploads\/2023\/10\/boric--825x575.jpg",825,575,true],"morenews-medium":["https:\/\/prodelcobre.cl\/nueva\/wp-content\/uploads\/2023\/10\/boric--590x410.jpg",590,410,true],"psacp-medium":["https:\/\/prodelcobre.cl\/nueva\/wp-content\/uploads\/2023\/10\/boric-.jpg",500,336,false]},"rttpg_author":{"display_name":"Francisco P\u00e9rez Alvi\u00e1rez","author_link":"https:\/\/prodelcobre.cl\/nueva\/author\/fperez\/"},"rttpg_comment":0,"rttpg_category":"<a href=\"https:\/\/prodelcobre.cl\/nueva\/category\/chile\/\" rel=\"category tag\">Chile<\/a> <a href=\"https:\/\/prodelcobre.cl\/nueva\/category\/noticias\/\" rel=\"category tag\">Noticias<\/a>","rttpg_excerpt":"Se trata de&nbsp;la apertura de uno de los&nbsp;mayores proyectos mineros que se est\u00e1 construyendo en el mundo ubicado","_links":{"self":[{"href":"https:\/\/prodelcobre.cl\/nueva\/wp-json\/wp\/v2\/posts\/9307","targetHints":{"allow":["GET"]}}],"collection":[{"href":"https:\/\/prodelcobre.cl\/nueva\/wp-json\/wp\/v2\/posts"}],"about":[{"href":"https:\/\/prodelcobre.cl\/nueva\/wp-json\/wp\/v2\/types\/post"}],"author":[{"embeddable":true,"href":"https:\/\/prodelcobre.cl\/nueva\/wp-json\/wp\/v2\/users\/3"}],"replies":[{"embeddable":true,"href":"https:\/\/prodelcobre.cl\/nueva\/wp-json\/wp\/v2\/comments?post=9307"}],"version-history":[{"count":1,"href":"https:\/\/prodelcobre.cl\/nueva\/wp-json\/wp\/v2\/posts\/9307\/revisions"}],"predecessor-version":[{"id":9309,"href":"https:\/\/prodelcobre.cl\/nueva\/wp-json\/wp\/v2\/posts\/9307\/revisions\/9309"}],"wp:featuredmedia":[{"embeddable":true,"href":"https:\/\/prodelcobre.cl\/nueva\/wp-json\/wp\/v2\/media\/9308"}],"wp:attachment":[{"href":"https:\/\/prodelcobre.cl\/nueva\/wp-json\/wp\/v2\/media?parent=9307"}],"wp:term":[{"taxonomy":"category","embeddable":true,"href":"https:\/\/prodelcobre.cl\/nueva\/wp-json\/wp\/v2\/categories?post=9307"},{"taxonomy":"post_tag","embeddable":true,"href":"https:\/\/prodelcobre.cl\/nueva\/wp-json\/wp\/v2\/tags?post=9307"}],"curies":[{"name":"wp","href":"https:\/\/api.w.org\/{rel}","templated":true}]}}