{"id":9311,"date":"2023-10-31T10:31:12","date_gmt":"2023-10-31T13:31:12","guid":{"rendered":"https:\/\/prodelcobre.cl\/nueva\/?p=9311"},"modified":"2023-10-31T10:31:15","modified_gmt":"2023-10-31T13:31:15","slug":"cochilco-lanzo-su-anuario-de-estadisticas-del-cobre-y-otros-minerales","status":"publish","type":"post","link":"https:\/\/prodelcobre.cl\/nueva\/cochilco-lanzo-su-anuario-de-estadisticas-del-cobre-y-otros-minerales\/","title":{"rendered":"Cochilco lanz\u00f3 su Anuario de Estad\u00edsticas del Cobre y Otros Minerales"},"content":{"rendered":"\n<h2 class=\"wp-block-heading\">Desde la web se puede descargar el libro que contiene toda la informaci\u00f3n estad\u00edstica del per\u00edodo 2003-2002.<\/h2>\n\n\n\n<p class=\"has-medium-font-size\">La&nbsp;<strong>Comisi\u00f3n Chilena del Cobre (Cochilco)<\/strong>&nbsp;public\u00f3 la nueva versi\u00f3n del&nbsp;<strong>Anuario de Estad\u00edsticas del Cobre y Otros Minerales<\/strong>, correspondiente al periodo&nbsp;<strong>2003-2022<\/strong>, donde se pueden obtener las estad\u00edsticas <strong>de producci\u00f3n y exportaciones; antecedentes de tributaci\u00f3n minera, inversi\u00f3n, empleo, costos.<\/strong>&nbsp;Adem\u00e1s, entrega informaci\u00f3n sobre la situaci\u00f3n de<strong>&nbsp;los insumos estrat\u00e9gicos<\/strong>&nbsp;que requiere el sector como lo son el agua, la energ\u00eda y el \u00e1cido sulf\u00farico, entre otros datos.<\/p>\n\n\n\n<p class=\"has-medium-font-size\">Seg\u00fan indicaron desde Cochilco, este documento busca mejorar la informaci\u00f3n del sector minero y contribuir a una mejor toma de decisiones.<\/p>\n\n\n\n<p class=\"has-medium-font-size\"><strong>El libro est\u00e1 disponible haciendo <a href=\"https:\/\/www.cochilco.cl\/Lists\/Anuario\/Attachments\/27\/ANUARIO_ESTADISTICO_COCHILCO%20A%C3%91O%202022.pdf\" target=\"_blank\" rel=\"noreferrer noopener\">click aqu\u00ed.<\/a><\/strong><\/p>\n","protected":false},"excerpt":{"rendered":"<p>Desde la web se puede descargar el libro que contiene toda la informaci\u00f3n estad\u00edstica del per\u00edodo 2003-2002. La&nbsp;Comisi\u00f3n<\/p>\n","protected":false},"author":3,"featured_media":6068,"comment_status":"closed","ping_status":"closed","sticky":false,"template":"","format":"standard","meta":{"footnotes":""},"categories":[51,52],"tags":[89],"class_list":["post-9311","post","type-post","status-publish","format-standard","has-post-thumbnail","hentry","category-chile","category-noticias","tag-mineria-4"],"rttpg_featured_image_url":{"full":["https:\/\/prodelcobre.cl\/nueva\/wp-content\/uploads\/2022\/07\/economia-impuestos.jpg",853,558,false],"landscape":["https:\/\/prodelcobre.cl\/nueva\/wp-content\/uploads\/2022\/07\/economia-impuestos.jpg",853,558,false],"portraits":["https:\/\/prodelcobre.cl\/nueva\/wp-content\/uploads\/2022\/07\/economia-impuestos.jpg",853,558,false],"thumbnail":["https:\/\/prodelcobre.cl\/nueva\/wp-content\/uploads\/2022\/07\/economia-impuestos-150x150.jpg",150,150,true],"medium":["https:\/\/prodelcobre.cl\/nueva\/wp-content\/uploads\/2022\/07\/economia-impuestos.jpg",853,558,false],"large":["https:\/\/prodelcobre.cl\/nueva\/wp-content\/uploads\/2022\/07\/economia-impuestos.jpg",853,558,false],"1536x1536":["https:\/\/prodelcobre.cl\/nueva\/wp-content\/uploads\/2022\/07\/economia-impuestos.jpg",853,558,false],"2048x2048":["https:\/\/prodelcobre.cl\/nueva\/wp-content\/uploads\/2022\/07\/economia-impuestos.jpg",853,558,false],"morenews-featured":["https:\/\/prodelcobre.cl\/nueva\/wp-content\/uploads\/2022\/07\/economia-impuestos.jpg",853,558,false],"morenews-large":["https:\/\/prodelcobre.cl\/nueva\/wp-content\/uploads\/2022\/07\/economia-impuestos.jpg",825,540,false],"morenews-medium":["https:\/\/prodelcobre.cl\/nueva\/wp-content\/uploads\/2022\/07\/economia-impuestos.jpg",590,386,false],"psacp-medium":["https:\/\/prodelcobre.cl\/nueva\/wp-content\/uploads\/2022\/07\/economia-impuestos.jpg",500,327,false]},"rttpg_author":{"display_name":"Francisco P\u00e9rez Alvi\u00e1rez","author_link":"https:\/\/prodelcobre.cl\/nueva\/author\/fperez\/"},"rttpg_comment":0,"rttpg_category":"<a href=\"https:\/\/prodelcobre.cl\/nueva\/category\/chile\/\" rel=\"category tag\">Chile<\/a> <a href=\"https:\/\/prodelcobre.cl\/nueva\/category\/noticias\/\" rel=\"category tag\">Noticias<\/a>","rttpg_excerpt":"Desde la web se puede descargar el libro que contiene toda la informaci\u00f3n estad\u00edstica del per\u00edodo 2003-2002. La&nbsp;Comisi\u00f3n","_links":{"self":[{"href":"https:\/\/prodelcobre.cl\/nueva\/wp-json\/wp\/v2\/posts\/9311","targetHints":{"allow":["GET"]}}],"collection":[{"href":"https:\/\/prodelcobre.cl\/nueva\/wp-json\/wp\/v2\/posts"}],"about":[{"href":"https:\/\/prodelcobre.cl\/nueva\/wp-json\/wp\/v2\/types\/post"}],"author":[{"embeddable":true,"href":"https:\/\/prodelcobre.cl\/nueva\/wp-json\/wp\/v2\/users\/3"}],"replies":[{"embeddable":true,"href":"https:\/\/prodelcobre.cl\/nueva\/wp-json\/wp\/v2\/comments?post=9311"}],"version-history":[{"count":1,"href":"https:\/\/prodelcobre.cl\/nueva\/wp-json\/wp\/v2\/posts\/9311\/revisions"}],"predecessor-version":[{"id":9312,"href":"https:\/\/prodelcobre.cl\/nueva\/wp-json\/wp\/v2\/posts\/9311\/revisions\/9312"}],"wp:featuredmedia":[{"embeddable":true,"href":"https:\/\/prodelcobre.cl\/nueva\/wp-json\/wp\/v2\/media\/6068"}],"wp:attachment":[{"href":"https:\/\/prodelcobre.cl\/nueva\/wp-json\/wp\/v2\/media?parent=9311"}],"wp:term":[{"taxonomy":"category","embeddable":true,"href":"https:\/\/prodelcobre.cl\/nueva\/wp-json\/wp\/v2\/categories?post=9311"},{"taxonomy":"post_tag","embeddable":true,"href":"https:\/\/prodelcobre.cl\/nueva\/wp-json\/wp\/v2\/tags?post=9311"}],"curies":[{"name":"wp","href":"https:\/\/api.w.org\/{rel}","templated":true}]}}