{"id":9316,"date":"2023-10-31T11:32:56","date_gmt":"2023-10-31T14:32:56","guid":{"rendered":"https:\/\/prodelcobre.cl\/nueva\/?p=9316"},"modified":"2023-10-31T11:32:57","modified_gmt":"2023-10-31T14:32:57","slug":"continua-la-planificacion-del-corredor-exportador-de-hidrogeno-verde-en-mejillones","status":"publish","type":"post","link":"https:\/\/prodelcobre.cl\/nueva\/continua-la-planificacion-del-corredor-exportador-de-hidrogeno-verde-en-mejillones\/","title":{"rendered":"Contin\u00faa la planificaci\u00f3n del corredor exportador de hidr\u00f3geno verde en Mejillones"},"content":{"rendered":"\n<h2 class=\"wp-block-heading\">La Regi\u00f3n de Antofagasta se perfila y avanza como uno de los principales polos de desarrollo de Hidr\u00f3geno Verde en el pa\u00eds.<\/h2>\n\n\n\n<p class=\"has-medium-font-size\">Los Pa\u00edses Bajos y Chile han estado trabajando en crear un corredor de energ\u00edas limpias, que permita al pa\u00eds exportar sus recursos renovables y distribuirlos eficientemente a trav\u00e9s de toda Europa, utilizando la ubicaci\u00f3n privilegiada de los puertos neerlandeses. Esta misi\u00f3n comercial organizada por la <strong>Agencia Neerlandesa para el Emprendimiento (RVO) en estrecha colaboraci\u00f3n con el Ministerio de Energ\u00eda de Chile, InvestChile y ProChile <\/strong>es parte de la agenda estrat\u00e9gica de cooperaci\u00f3n en hidr\u00f3geno verde que ambos gobiernos firmaron el a\u00f1o 2022.<\/p>\n\n\n\n<p class=\"has-medium-font-size\">En la comuna de Mejillones se estar\u00e1n reuniendo con base en estas propuestas importantes empresas y proveedores mundiales de almacenamiento de productos y log\u00edstica, proveedores tecnol\u00f3gicos y centros de investigaci\u00f3n.<\/p>\n","protected":false},"excerpt":{"rendered":"<p>La Regi\u00f3n de Antofagasta se perfila y avanza como uno de los principales polos de desarrollo de Hidr\u00f3geno<\/p>\n","protected":false},"author":3,"featured_media":5689,"comment_status":"closed","ping_status":"closed","sticky":false,"template":"","format":"standard","meta":{"footnotes":""},"categories":[51,59,52],"tags":[90],"class_list":["post-9316","post","type-post","status-publish","format-standard","has-post-thumbnail","hentry","category-chile","category-energia","category-noticias","tag-energia"],"rttpg_featured_image_url":{"full":["https:\/\/prodelcobre.cl\/nueva\/wp-content\/uploads\/2022\/06\/hidrogeno-verde.jpg",1248,770,false],"landscape":["https:\/\/prodelcobre.cl\/nueva\/wp-content\/uploads\/2022\/06\/hidrogeno-verde.jpg",1248,770,false],"portraits":["https:\/\/prodelcobre.cl\/nueva\/wp-content\/uploads\/2022\/06\/hidrogeno-verde.jpg",1248,770,false],"thumbnail":["https:\/\/prodelcobre.cl\/nueva\/wp-content\/uploads\/2022\/06\/hidrogeno-verde-150x150.jpg",150,150,true],"medium":["https:\/\/prodelcobre.cl\/nueva\/wp-content\/uploads\/2022\/06\/hidrogeno-verde.jpg",1248,770,false],"large":["https:\/\/prodelcobre.cl\/nueva\/wp-content\/uploads\/2022\/06\/hidrogeno-verde.jpg",1248,770,false],"1536x1536":["https:\/\/prodelcobre.cl\/nueva\/wp-content\/uploads\/2022\/06\/hidrogeno-verde.jpg",1248,770,false],"2048x2048":["https:\/\/prodelcobre.cl\/nueva\/wp-content\/uploads\/2022\/06\/hidrogeno-verde.jpg",1248,770,false],"morenews-featured":["https:\/\/prodelcobre.cl\/nueva\/wp-content\/uploads\/2022\/06\/hidrogeno-verde.jpg",1024,632,false],"morenews-large":["https:\/\/prodelcobre.cl\/nueva\/wp-content\/uploads\/2022\/06\/hidrogeno-verde.jpg",825,509,false],"morenews-medium":["https:\/\/prodelcobre.cl\/nueva\/wp-content\/uploads\/2022\/06\/hidrogeno-verde.jpg",590,364,false],"psacp-medium":["https:\/\/prodelcobre.cl\/nueva\/wp-content\/uploads\/2022\/06\/hidrogeno-verde.jpg",500,308,false]},"rttpg_author":{"display_name":"Francisco P\u00e9rez Alvi\u00e1rez","author_link":"https:\/\/prodelcobre.cl\/nueva\/author\/fperez\/"},"rttpg_comment":0,"rttpg_category":"<a href=\"https:\/\/prodelcobre.cl\/nueva\/category\/chile\/\" rel=\"category tag\">Chile<\/a> <a href=\"https:\/\/prodelcobre.cl\/nueva\/category\/energia\/\" rel=\"category tag\">Energ\u00eda<\/a> <a href=\"https:\/\/prodelcobre.cl\/nueva\/category\/noticias\/\" rel=\"category tag\">Noticias<\/a>","rttpg_excerpt":"La Regi\u00f3n de Antofagasta se perfila y avanza como uno de los principales polos de desarrollo de Hidr\u00f3geno","_links":{"self":[{"href":"https:\/\/prodelcobre.cl\/nueva\/wp-json\/wp\/v2\/posts\/9316","targetHints":{"allow":["GET"]}}],"collection":[{"href":"https:\/\/prodelcobre.cl\/nueva\/wp-json\/wp\/v2\/posts"}],"about":[{"href":"https:\/\/prodelcobre.cl\/nueva\/wp-json\/wp\/v2\/types\/post"}],"author":[{"embeddable":true,"href":"https:\/\/prodelcobre.cl\/nueva\/wp-json\/wp\/v2\/users\/3"}],"replies":[{"embeddable":true,"href":"https:\/\/prodelcobre.cl\/nueva\/wp-json\/wp\/v2\/comments?post=9316"}],"version-history":[{"count":1,"href":"https:\/\/prodelcobre.cl\/nueva\/wp-json\/wp\/v2\/posts\/9316\/revisions"}],"predecessor-version":[{"id":9321,"href":"https:\/\/prodelcobre.cl\/nueva\/wp-json\/wp\/v2\/posts\/9316\/revisions\/9321"}],"wp:featuredmedia":[{"embeddable":true,"href":"https:\/\/prodelcobre.cl\/nueva\/wp-json\/wp\/v2\/media\/5689"}],"wp:attachment":[{"href":"https:\/\/prodelcobre.cl\/nueva\/wp-json\/wp\/v2\/media?parent=9316"}],"wp:term":[{"taxonomy":"category","embeddable":true,"href":"https:\/\/prodelcobre.cl\/nueva\/wp-json\/wp\/v2\/categories?post=9316"},{"taxonomy":"post_tag","embeddable":true,"href":"https:\/\/prodelcobre.cl\/nueva\/wp-json\/wp\/v2\/tags?post=9316"}],"curies":[{"name":"wp","href":"https:\/\/api.w.org\/{rel}","templated":true}]}}