{"id":9328,"date":"2023-11-02T09:35:10","date_gmt":"2023-11-02T12:35:10","guid":{"rendered":"https:\/\/prodelcobre.cl\/nueva\/?p=9328"},"modified":"2023-11-02T09:35:11","modified_gmt":"2023-11-02T12:35:11","slug":"sonami-y-cesco-encabezaran-foro-sobre-la-estrategia-nacional-del-litio","status":"publish","type":"post","link":"https:\/\/prodelcobre.cl\/nueva\/sonami-y-cesco-encabezaran-foro-sobre-la-estrategia-nacional-del-litio\/","title":{"rendered":"Sonami y Cesco encabezar\u00e1n foro sobre la Estrategia Nacional del Litio"},"content":{"rendered":"\n<h2 class=\"wp-block-heading\">El evento abordar\u00e1 diversas interrogantes y necesidades respecto a la Estrategia Nacional del Litio presentada por el Gobierno.<\/h2>\n\n\n\n<p class=\"has-medium-font-size\">Este 8 de noviembre, la Sociedad Nacional de Miner\u00eda (Sonami) y el Centro de Estudios del Cobre y la Miner\u00eda (Cesco) encabezar\u00e1n el Primer Foro sobre el Litio, evento que se realizar\u00e1 en el Hotel DoubleTree by Hilton Kennedy, ubicado en la comuna de Vitacura.<\/p>\n\n\n\n<p class=\"has-medium-font-size\">Expertos del mundo p\u00fablico, privado y acad\u00e9mico desarrollar\u00e1n espacios de discusi\u00f3n sobre la Estrategia Nacional del Litio buscando aclarar los desaf\u00edos, oportunidades y dem\u00e1s intereses del futuro del litio en Chile. <\/p>\n","protected":false},"excerpt":{"rendered":"<p>El evento abordar\u00e1 diversas interrogantes y necesidades respecto a la Estrategia Nacional del Litio presentada por el Gobierno.<\/p>\n","protected":false},"author":3,"featured_media":5173,"comment_status":"closed","ping_status":"closed","sticky":false,"template":"","format":"standard","meta":{"footnotes":""},"categories":[51,52],"tags":[100],"class_list":["post-9328","post","type-post","status-publish","format-standard","has-post-thumbnail","hentry","category-chile","category-noticias","tag-litio"],"rttpg_featured_image_url":{"full":["https:\/\/prodelcobre.cl\/nueva\/wp-content\/uploads\/2022\/04\/freepik.jpg",904,492,false],"landscape":["https:\/\/prodelcobre.cl\/nueva\/wp-content\/uploads\/2022\/04\/freepik.jpg",904,492,false],"portraits":["https:\/\/prodelcobre.cl\/nueva\/wp-content\/uploads\/2022\/04\/freepik.jpg",904,492,false],"thumbnail":["https:\/\/prodelcobre.cl\/nueva\/wp-content\/uploads\/2022\/04\/freepik-150x150.jpg",150,150,true],"medium":["https:\/\/prodelcobre.cl\/nueva\/wp-content\/uploads\/2022\/04\/freepik.jpg",904,492,false],"large":["https:\/\/prodelcobre.cl\/nueva\/wp-content\/uploads\/2022\/04\/freepik.jpg",904,492,false],"1536x1536":["https:\/\/prodelcobre.cl\/nueva\/wp-content\/uploads\/2022\/04\/freepik.jpg",904,492,false],"2048x2048":["https:\/\/prodelcobre.cl\/nueva\/wp-content\/uploads\/2022\/04\/freepik.jpg",904,492,false],"morenews-featured":["https:\/\/prodelcobre.cl\/nueva\/wp-content\/uploads\/2022\/04\/freepik.jpg",904,492,false],"morenews-large":["https:\/\/prodelcobre.cl\/nueva\/wp-content\/uploads\/2022\/04\/freepik.jpg",825,449,false],"morenews-medium":["https:\/\/prodelcobre.cl\/nueva\/wp-content\/uploads\/2022\/04\/freepik.jpg",590,321,false],"psacp-medium":["https:\/\/prodelcobre.cl\/nueva\/wp-content\/uploads\/2022\/04\/freepik.jpg",500,272,false]},"rttpg_author":{"display_name":"Francisco P\u00e9rez Alvi\u00e1rez","author_link":"https:\/\/prodelcobre.cl\/nueva\/author\/fperez\/"},"rttpg_comment":0,"rttpg_category":"<a href=\"https:\/\/prodelcobre.cl\/nueva\/category\/chile\/\" rel=\"category tag\">Chile<\/a> <a href=\"https:\/\/prodelcobre.cl\/nueva\/category\/noticias\/\" rel=\"category tag\">Noticias<\/a>","rttpg_excerpt":"El evento abordar\u00e1 diversas interrogantes y necesidades respecto a la Estrategia Nacional del Litio presentada por el Gobierno.","_links":{"self":[{"href":"https:\/\/prodelcobre.cl\/nueva\/wp-json\/wp\/v2\/posts\/9328","targetHints":{"allow":["GET"]}}],"collection":[{"href":"https:\/\/prodelcobre.cl\/nueva\/wp-json\/wp\/v2\/posts"}],"about":[{"href":"https:\/\/prodelcobre.cl\/nueva\/wp-json\/wp\/v2\/types\/post"}],"author":[{"embeddable":true,"href":"https:\/\/prodelcobre.cl\/nueva\/wp-json\/wp\/v2\/users\/3"}],"replies":[{"embeddable":true,"href":"https:\/\/prodelcobre.cl\/nueva\/wp-json\/wp\/v2\/comments?post=9328"}],"version-history":[{"count":1,"href":"https:\/\/prodelcobre.cl\/nueva\/wp-json\/wp\/v2\/posts\/9328\/revisions"}],"predecessor-version":[{"id":9329,"href":"https:\/\/prodelcobre.cl\/nueva\/wp-json\/wp\/v2\/posts\/9328\/revisions\/9329"}],"wp:featuredmedia":[{"embeddable":true,"href":"https:\/\/prodelcobre.cl\/nueva\/wp-json\/wp\/v2\/media\/5173"}],"wp:attachment":[{"href":"https:\/\/prodelcobre.cl\/nueva\/wp-json\/wp\/v2\/media?parent=9328"}],"wp:term":[{"taxonomy":"category","embeddable":true,"href":"https:\/\/prodelcobre.cl\/nueva\/wp-json\/wp\/v2\/categories?post=9328"},{"taxonomy":"post_tag","embeddable":true,"href":"https:\/\/prodelcobre.cl\/nueva\/wp-json\/wp\/v2\/tags?post=9328"}],"curies":[{"name":"wp","href":"https:\/\/api.w.org\/{rel}","templated":true}]}}