{"id":9330,"date":"2023-11-02T11:06:57","date_gmt":"2023-11-02T14:06:57","guid":{"rendered":"https:\/\/prodelcobre.cl\/nueva\/?p=9330"},"modified":"2023-11-02T11:07:00","modified_gmt":"2023-11-02T14:07:00","slug":"produccion-industrial-de-septiembre-crecio-gracias-a-la-actividad-minera","status":"publish","type":"post","link":"https:\/\/prodelcobre.cl\/nueva\/produccion-industrial-de-septiembre-crecio-gracias-a-la-actividad-minera\/","title":{"rendered":"Producci\u00f3n Industrial de septiembre creci\u00f3 gracias a la actividad minera"},"content":{"rendered":"\n<h2 class=\"wp-block-heading\">El IPMin obtuvo resultados de crecimiento con gran influencia del sector minero, presentando un incremento de 4,3%<\/h2>\n\n\n\n<p class=\"has-medium-font-size\">El IPMin present\u00f3 un aumento interanual de 4,3%, como consecuencia de la mayor actividad registrada en los tres tipos de miner\u00eda que lo componen, y por ende el \u00cdndice de Producci\u00f3n Industrial registr\u00f3 un alza en doce meses de 1,5%.<\/p>\n\n\n\n<p class=\"has-medium-font-size\">En el caso de la <strong>miner\u00eda met\u00e1lica creci\u00f3 3,5 %, aportando 3,207 pp. a la variaci\u00f3n del \u00edndice<\/strong>, a ra\u00edz de&nbsp;<strong>un alza en la extracci\u00f3n y procesamiento de cobre<\/strong>. Esto \u00faltimo, a causa de&nbsp;<strong>un incremento en el tratamiento de cobre y una mayor ley de mineral en importantes empresas del rubro<\/strong>.<\/p>\n\n\n\n<p class=\"has-medium-font-size\">Asimismo,&nbsp;<strong>miner\u00eda no met\u00e1lica se increment\u00f3 14,5 % en comparaci\u00f3n con igual mes del a\u00f1o anterior<\/strong>, incidiendo 1,014 pp. en la variaci\u00f3n del \u00edndice, a causa de<strong>&nbsp;un aumento en la producci\u00f3n de carbonato de litio<\/strong>.<\/p>\n","protected":false},"excerpt":{"rendered":"<p>El IPMin obtuvo resultados de crecimiento con gran influencia del sector minero, presentando un incremento de 4,3% El<\/p>\n","protected":false},"author":3,"featured_media":3894,"comment_status":"closed","ping_status":"closed","sticky":false,"template":"","format":"standard","meta":{"footnotes":""},"categories":[51,52],"tags":[89],"class_list":["post-9330","post","type-post","status-publish","format-standard","has-post-thumbnail","hentry","category-chile","category-noticias","tag-mineria-4"],"rttpg_featured_image_url":{"full":["https:\/\/prodelcobre.cl\/nueva\/wp-content\/uploads\/2021\/02\/cobre-4-e1568159041473.jpg",800,400,false],"landscape":["https:\/\/prodelcobre.cl\/nueva\/wp-content\/uploads\/2021\/02\/cobre-4-e1568159041473.jpg",800,400,false],"portraits":["https:\/\/prodelcobre.cl\/nueva\/wp-content\/uploads\/2021\/02\/cobre-4-e1568159041473.jpg",800,400,false],"thumbnail":["https:\/\/prodelcobre.cl\/nueva\/wp-content\/uploads\/2021\/02\/cobre-4-e1568159041473-150x150.jpg",150,150,true],"medium":["https:\/\/prodelcobre.cl\/nueva\/wp-content\/uploads\/2021\/02\/cobre-4-e1568159041473.jpg",800,400,false],"large":["https:\/\/prodelcobre.cl\/nueva\/wp-content\/uploads\/2021\/02\/cobre-4-e1568159041473.jpg",800,400,false],"1536x1536":["https:\/\/prodelcobre.cl\/nueva\/wp-content\/uploads\/2021\/02\/cobre-4-e1568159041473.jpg",800,400,false],"2048x2048":["https:\/\/prodelcobre.cl\/nueva\/wp-content\/uploads\/2021\/02\/cobre-4-e1568159041473.jpg",800,400,false],"morenews-featured":["https:\/\/prodelcobre.cl\/nueva\/wp-content\/uploads\/2021\/02\/cobre-4-e1568159041473.jpg",800,400,false],"morenews-large":["https:\/\/prodelcobre.cl\/nueva\/wp-content\/uploads\/2021\/02\/cobre-4-e1568159041473.jpg",800,400,false],"morenews-medium":["https:\/\/prodelcobre.cl\/nueva\/wp-content\/uploads\/2021\/02\/cobre-4-e1568159041473.jpg",590,295,false],"psacp-medium":["https:\/\/prodelcobre.cl\/nueva\/wp-content\/uploads\/2021\/02\/cobre-4-e1568159041473.jpg",500,250,false]},"rttpg_author":{"display_name":"Francisco P\u00e9rez Alvi\u00e1rez","author_link":"https:\/\/prodelcobre.cl\/nueva\/author\/fperez\/"},"rttpg_comment":0,"rttpg_category":"<a href=\"https:\/\/prodelcobre.cl\/nueva\/category\/chile\/\" rel=\"category tag\">Chile<\/a> <a href=\"https:\/\/prodelcobre.cl\/nueva\/category\/noticias\/\" rel=\"category tag\">Noticias<\/a>","rttpg_excerpt":"El IPMin obtuvo resultados de crecimiento con gran influencia del sector minero, presentando un incremento de 4,3% El","_links":{"self":[{"href":"https:\/\/prodelcobre.cl\/nueva\/wp-json\/wp\/v2\/posts\/9330","targetHints":{"allow":["GET"]}}],"collection":[{"href":"https:\/\/prodelcobre.cl\/nueva\/wp-json\/wp\/v2\/posts"}],"about":[{"href":"https:\/\/prodelcobre.cl\/nueva\/wp-json\/wp\/v2\/types\/post"}],"author":[{"embeddable":true,"href":"https:\/\/prodelcobre.cl\/nueva\/wp-json\/wp\/v2\/users\/3"}],"replies":[{"embeddable":true,"href":"https:\/\/prodelcobre.cl\/nueva\/wp-json\/wp\/v2\/comments?post=9330"}],"version-history":[{"count":1,"href":"https:\/\/prodelcobre.cl\/nueva\/wp-json\/wp\/v2\/posts\/9330\/revisions"}],"predecessor-version":[{"id":9331,"href":"https:\/\/prodelcobre.cl\/nueva\/wp-json\/wp\/v2\/posts\/9330\/revisions\/9331"}],"wp:featuredmedia":[{"embeddable":true,"href":"https:\/\/prodelcobre.cl\/nueva\/wp-json\/wp\/v2\/media\/3894"}],"wp:attachment":[{"href":"https:\/\/prodelcobre.cl\/nueva\/wp-json\/wp\/v2\/media?parent=9330"}],"wp:term":[{"taxonomy":"category","embeddable":true,"href":"https:\/\/prodelcobre.cl\/nueva\/wp-json\/wp\/v2\/categories?post=9330"},{"taxonomy":"post_tag","embeddable":true,"href":"https:\/\/prodelcobre.cl\/nueva\/wp-json\/wp\/v2\/tags?post=9330"}],"curies":[{"name":"wp","href":"https:\/\/api.w.org\/{rel}","templated":true}]}}