{"id":9338,"date":"2023-11-02T16:36:50","date_gmt":"2023-11-02T19:36:50","guid":{"rendered":"https:\/\/prodelcobre.cl\/nueva\/?p=9338"},"modified":"2023-11-02T16:36:51","modified_gmt":"2023-11-02T19:36:51","slug":"revista-jovenes-mineros-llega-como-una-propuesta-de-fundacion-jovenes-mineros-para-la-divulgacion-cientifica","status":"publish","type":"post","link":"https:\/\/prodelcobre.cl\/nueva\/revista-jovenes-mineros-llega-como-una-propuesta-de-fundacion-jovenes-mineros-para-la-divulgacion-cientifica\/","title":{"rendered":"Revista &#8220;J\u00f3venes Mineros&#8221; llega como una propuesta de Fundaci\u00f3n J\u00f3venes Mineros para la divulgaci\u00f3n cient\u00edfica"},"content":{"rendered":"\n<h2 class=\"wp-block-heading\">La&nbsp;Revista J\u00f3venes Mineros surgi\u00f3 de la necesidad de crear espacios que den a conocer el talento joven del sector minero y soluciones que sean \u00fatiles para la industria.<\/h2>\n\n\n\n<p class=\"has-medium-font-size\">La&nbsp;<strong>Fundaci\u00f3n J\u00f3venes Mineros<\/strong>,&nbsp;<strong>organizaci\u00f3n que buscar visibilizar el talento joven en toda Latinoam\u00e9rica<\/strong>, anunci\u00f3 el lanzamiento de su revista &#8220;J\u00f3venes Mineros&#8221;, un proyecto editorial con el prop\u00f3sito de<strong>&nbsp;difundir investigaciones innovadoras realizadas por j\u00f3venes profesionales que a menudo carecen de espacios para la visibilizaci\u00f3n y divulgaci\u00f3n<\/strong>.<\/p>\n\n\n\n<p class=\"has-medium-font-size\">La Fundaci\u00f3n rese\u00f1\u00f3 que la <strong>revista se enfoca en la divulgaci\u00f3n cient\u00edfica, considerando res\u00famenes de tesis de diferentes niveles acad\u00e9micos<\/strong>, siempre abordando tem\u00e1ticas relacionadas con la miner\u00eda y ciencias de la tierra.<\/p>\n\n\n\n<p class=\"has-medium-font-size\">Actualmente, la revista se encuentra en la fase de<strong>&nbsp;llamado a convocatoria de res\u00famenes de tesis<\/strong>, donde los j\u00f3venes postulantes ser\u00e1n contactados para darles los lineamientos y as\u00ed poder participar en la primera edici\u00f3n de la revista.<\/p>\n","protected":false},"excerpt":{"rendered":"<p>La&nbsp;Revista J\u00f3venes Mineros surgi\u00f3 de la necesidad de crear espacios que den a conocer el talento joven del<\/p>\n","protected":false},"author":3,"featured_media":5256,"comment_status":"closed","ping_status":"closed","sticky":false,"template":"","format":"standard","meta":{"footnotes":""},"categories":[51,52],"tags":[89],"class_list":["post-9338","post","type-post","status-publish","format-standard","has-post-thumbnail","hentry","category-chile","category-noticias","tag-mineria-4"],"rttpg_featured_image_url":{"full":["https:\/\/prodelcobre.cl\/nueva\/wp-content\/uploads\/2022\/04\/mineria-peru.jpg",738,449,false],"landscape":["https:\/\/prodelcobre.cl\/nueva\/wp-content\/uploads\/2022\/04\/mineria-peru.jpg",738,449,false],"portraits":["https:\/\/prodelcobre.cl\/nueva\/wp-content\/uploads\/2022\/04\/mineria-peru.jpg",738,449,false],"thumbnail":["https:\/\/prodelcobre.cl\/nueva\/wp-content\/uploads\/2022\/04\/mineria-peru-150x150.jpg",150,150,true],"medium":["https:\/\/prodelcobre.cl\/nueva\/wp-content\/uploads\/2022\/04\/mineria-peru.jpg",738,449,false],"large":["https:\/\/prodelcobre.cl\/nueva\/wp-content\/uploads\/2022\/04\/mineria-peru.jpg",738,449,false],"1536x1536":["https:\/\/prodelcobre.cl\/nueva\/wp-content\/uploads\/2022\/04\/mineria-peru.jpg",738,449,false],"2048x2048":["https:\/\/prodelcobre.cl\/nueva\/wp-content\/uploads\/2022\/04\/mineria-peru.jpg",738,449,false],"morenews-featured":["https:\/\/prodelcobre.cl\/nueva\/wp-content\/uploads\/2022\/04\/mineria-peru.jpg",738,449,false],"morenews-large":["https:\/\/prodelcobre.cl\/nueva\/wp-content\/uploads\/2022\/04\/mineria-peru.jpg",738,449,false],"morenews-medium":["https:\/\/prodelcobre.cl\/nueva\/wp-content\/uploads\/2022\/04\/mineria-peru.jpg",590,359,false],"psacp-medium":["https:\/\/prodelcobre.cl\/nueva\/wp-content\/uploads\/2022\/04\/mineria-peru.jpg",500,304,false]},"rttpg_author":{"display_name":"Francisco P\u00e9rez Alvi\u00e1rez","author_link":"https:\/\/prodelcobre.cl\/nueva\/author\/fperez\/"},"rttpg_comment":0,"rttpg_category":"<a href=\"https:\/\/prodelcobre.cl\/nueva\/category\/chile\/\" rel=\"category tag\">Chile<\/a> <a href=\"https:\/\/prodelcobre.cl\/nueva\/category\/noticias\/\" rel=\"category tag\">Noticias<\/a>","rttpg_excerpt":"La&nbsp;Revista J\u00f3venes Mineros surgi\u00f3 de la necesidad de crear espacios que den a conocer el talento joven del","_links":{"self":[{"href":"https:\/\/prodelcobre.cl\/nueva\/wp-json\/wp\/v2\/posts\/9338","targetHints":{"allow":["GET"]}}],"collection":[{"href":"https:\/\/prodelcobre.cl\/nueva\/wp-json\/wp\/v2\/posts"}],"about":[{"href":"https:\/\/prodelcobre.cl\/nueva\/wp-json\/wp\/v2\/types\/post"}],"author":[{"embeddable":true,"href":"https:\/\/prodelcobre.cl\/nueva\/wp-json\/wp\/v2\/users\/3"}],"replies":[{"embeddable":true,"href":"https:\/\/prodelcobre.cl\/nueva\/wp-json\/wp\/v2\/comments?post=9338"}],"version-history":[{"count":1,"href":"https:\/\/prodelcobre.cl\/nueva\/wp-json\/wp\/v2\/posts\/9338\/revisions"}],"predecessor-version":[{"id":9339,"href":"https:\/\/prodelcobre.cl\/nueva\/wp-json\/wp\/v2\/posts\/9338\/revisions\/9339"}],"wp:featuredmedia":[{"embeddable":true,"href":"https:\/\/prodelcobre.cl\/nueva\/wp-json\/wp\/v2\/media\/5256"}],"wp:attachment":[{"href":"https:\/\/prodelcobre.cl\/nueva\/wp-json\/wp\/v2\/media?parent=9338"}],"wp:term":[{"taxonomy":"category","embeddable":true,"href":"https:\/\/prodelcobre.cl\/nueva\/wp-json\/wp\/v2\/categories?post=9338"},{"taxonomy":"post_tag","embeddable":true,"href":"https:\/\/prodelcobre.cl\/nueva\/wp-json\/wp\/v2\/tags?post=9338"}],"curies":[{"name":"wp","href":"https:\/\/api.w.org\/{rel}","templated":true}]}}