{"id":9356,"date":"2023-11-03T09:38:32","date_gmt":"2023-11-03T12:38:32","guid":{"rendered":"https:\/\/prodelcobre.cl\/nueva\/?p=9356"},"modified":"2023-11-03T09:38:34","modified_gmt":"2023-11-03T12:38:34","slug":"imacec-reflejo-resultados-positivos-en-septiembre","status":"publish","type":"post","link":"https:\/\/prodelcobre.cl\/nueva\/imacec-reflejo-resultados-positivos-en-septiembre\/","title":{"rendered":"Imacec reflej\u00f3 resultados positivos en septiembre"},"content":{"rendered":"\n<h2 class=\"wp-block-heading\">El Banco Central dio a conocer que, de acuerdo con la informaci\u00f3n preliminar,&nbsp;el Imacec de septiembre de 2023 no present\u00f3 variaci\u00f3n en comparaci\u00f3n con igual mes del a\u00f1o anterior.<\/h2>\n\n\n\n<p class=\"has-medium-font-size\">El resultado positivo del Imacec fue el resultado del crecimiento de la miner\u00eda y el resto de los bienes, seg\u00fan informaci\u00f3n suministrada por el Banco Central. El \u00edndice no minero<strong> present\u00f3 una disminuci\u00f3n de 1,2% en doce meses,<\/strong>&nbsp;mientras que en t\u00e9rminos desestacionalizados creci\u00f3 0,2% respecto del mes anterior.<\/p>\n\n\n\n<p class=\"has-medium-font-size\">La serie desestacionalizada aument\u00f3 0,6% respecto del mes precedente y creci\u00f3 0,2% en doce meses. El mes registr\u00f3 un d\u00eda h\u00e1bil menos que igual mes de 2022.<\/p>\n\n\n\n<p class=\"has-medium-font-size\"><strong>Seg\u00fan detalla el informe dado a conocer por el Banco Central, la producci\u00f3n de bienes creci\u00f3 4,3%, resultado que se explic\u00f3 por el aumento de 6,3% de la miner\u00eda<\/strong>, seguido del resto de bienes que present\u00f3 un incremento de 5,1%, en particular por<strong>&nbsp;el valor agregado de la generaci\u00f3n el\u00e9ctrica<\/strong>. En contraste, la industria present\u00f3 una ca\u00edda de 1,0%.<\/p>\n","protected":false},"excerpt":{"rendered":"<p>El Banco Central dio a conocer que, de acuerdo con la informaci\u00f3n preliminar,&nbsp;el Imacec de septiembre de 2023<\/p>\n","protected":false},"author":3,"featured_media":4343,"comment_status":"closed","ping_status":"closed","sticky":false,"template":"","format":"standard","meta":{"footnotes":""},"categories":[51,52],"tags":[89],"class_list":["post-9356","post","type-post","status-publish","format-standard","has-post-thumbnail","hentry","category-chile","category-noticias","tag-mineria-4"],"rttpg_featured_image_url":{"full":["https:\/\/prodelcobre.cl\/nueva\/wp-content\/uploads\/2021\/08\/ECONOMIA.jpg",1920,1051,false],"landscape":["https:\/\/prodelcobre.cl\/nueva\/wp-content\/uploads\/2021\/08\/ECONOMIA.jpg",1920,1051,false],"portraits":["https:\/\/prodelcobre.cl\/nueva\/wp-content\/uploads\/2021\/08\/ECONOMIA.jpg",1920,1051,false],"thumbnail":["https:\/\/prodelcobre.cl\/nueva\/wp-content\/uploads\/2021\/08\/ECONOMIA-150x150.jpg",150,150,true],"medium":["https:\/\/prodelcobre.cl\/nueva\/wp-content\/uploads\/2021\/08\/ECONOMIA.jpg",1920,1051,false],"large":["https:\/\/prodelcobre.cl\/nueva\/wp-content\/uploads\/2021\/08\/ECONOMIA.jpg",1920,1051,false],"1536x1536":["https:\/\/prodelcobre.cl\/nueva\/wp-content\/uploads\/2021\/08\/ECONOMIA-1536x841.jpg",1536,841,true],"2048x2048":["https:\/\/prodelcobre.cl\/nueva\/wp-content\/uploads\/2021\/08\/ECONOMIA.jpg",1920,1051,false],"morenews-featured":["https:\/\/prodelcobre.cl\/nueva\/wp-content\/uploads\/2021\/08\/ECONOMIA.jpg",1024,561,false],"morenews-large":["https:\/\/prodelcobre.cl\/nueva\/wp-content\/uploads\/2021\/08\/ECONOMIA.jpg",825,452,false],"morenews-medium":["https:\/\/prodelcobre.cl\/nueva\/wp-content\/uploads\/2021\/08\/ECONOMIA.jpg",590,323,false],"psacp-medium":["https:\/\/prodelcobre.cl\/nueva\/wp-content\/uploads\/2021\/08\/ECONOMIA.jpg",500,274,false]},"rttpg_author":{"display_name":"Francisco P\u00e9rez Alvi\u00e1rez","author_link":"https:\/\/prodelcobre.cl\/nueva\/author\/fperez\/"},"rttpg_comment":0,"rttpg_category":"<a href=\"https:\/\/prodelcobre.cl\/nueva\/category\/chile\/\" rel=\"category tag\">Chile<\/a> <a href=\"https:\/\/prodelcobre.cl\/nueva\/category\/noticias\/\" rel=\"category tag\">Noticias<\/a>","rttpg_excerpt":"El Banco Central dio a conocer que, de acuerdo con la informaci\u00f3n preliminar,&nbsp;el Imacec de septiembre de 2023","_links":{"self":[{"href":"https:\/\/prodelcobre.cl\/nueva\/wp-json\/wp\/v2\/posts\/9356","targetHints":{"allow":["GET"]}}],"collection":[{"href":"https:\/\/prodelcobre.cl\/nueva\/wp-json\/wp\/v2\/posts"}],"about":[{"href":"https:\/\/prodelcobre.cl\/nueva\/wp-json\/wp\/v2\/types\/post"}],"author":[{"embeddable":true,"href":"https:\/\/prodelcobre.cl\/nueva\/wp-json\/wp\/v2\/users\/3"}],"replies":[{"embeddable":true,"href":"https:\/\/prodelcobre.cl\/nueva\/wp-json\/wp\/v2\/comments?post=9356"}],"version-history":[{"count":1,"href":"https:\/\/prodelcobre.cl\/nueva\/wp-json\/wp\/v2\/posts\/9356\/revisions"}],"predecessor-version":[{"id":9357,"href":"https:\/\/prodelcobre.cl\/nueva\/wp-json\/wp\/v2\/posts\/9356\/revisions\/9357"}],"wp:featuredmedia":[{"embeddable":true,"href":"https:\/\/prodelcobre.cl\/nueva\/wp-json\/wp\/v2\/media\/4343"}],"wp:attachment":[{"href":"https:\/\/prodelcobre.cl\/nueva\/wp-json\/wp\/v2\/media?parent=9356"}],"wp:term":[{"taxonomy":"category","embeddable":true,"href":"https:\/\/prodelcobre.cl\/nueva\/wp-json\/wp\/v2\/categories?post=9356"},{"taxonomy":"post_tag","embeddable":true,"href":"https:\/\/prodelcobre.cl\/nueva\/wp-json\/wp\/v2\/tags?post=9356"}],"curies":[{"name":"wp","href":"https:\/\/api.w.org\/{rel}","templated":true}]}}