{"id":9361,"date":"2023-11-03T14:11:53","date_gmt":"2023-11-03T17:11:53","guid":{"rendered":"https:\/\/prodelcobre.cl\/nueva\/?p=9361"},"modified":"2023-11-03T14:11:55","modified_gmt":"2023-11-03T17:11:55","slug":"aes-andes-agrega-nuevos-activos-renovables-a-su-portafolio","status":"publish","type":"post","link":"https:\/\/prodelcobre.cl\/nueva\/aes-andes-agrega-nuevos-activos-renovables-a-su-portafolio\/","title":{"rendered":"AES Andes agrega nuevos activos renovables a su portafolio"},"content":{"rendered":"\n<h2 class=\"wp-block-heading\">La firma logr\u00f3 poner en operaci\u00f3n en julio el sistema de almacenamiento de bater\u00edas m\u00e1s grande de Am\u00e9rica Latina en su proyecto Andes Solar IIb.<\/h2>\n\n\n\n<p class=\"has-medium-font-size\">AES Andes continu\u00f3 avanzando en su estrategia transformacional Greentegra al tercer trimestre de 2023 gracias a nuevos avances en su proceso de descarbonizaci\u00f3n y la incorporaci\u00f3n de m\u00e1s activos renovables a su portafolio. Durante el tercer trimestre de este a\u00f1o la compa\u00f1\u00eda totaliz\u00f3 un Ebitda de US$ 259 millones, lo que da cuenta de una variaci\u00f3n positiva de 37% respecto a los US$ 189 millones de igual per\u00edodo de 2022.<\/p>\n\n\n\n<p class=\"has-medium-font-size\">La compa\u00f1\u00eda registr\u00f3 un Ebitda de US$ 542 millones al tercer trimestre de 2023, US$ 37 millones inferior a los US$ 580 millones de igual per\u00edodo del a\u00f1o anterior.<\/p>\n","protected":false},"excerpt":{"rendered":"<p>La firma logr\u00f3 poner en operaci\u00f3n en julio el sistema de almacenamiento de bater\u00edas m\u00e1s grande de Am\u00e9rica<\/p>\n","protected":false},"author":3,"featured_media":7269,"comment_status":"closed","ping_status":"closed","sticky":false,"template":"","format":"standard","meta":{"footnotes":""},"categories":[51,59,52],"tags":[90],"class_list":["post-9361","post","type-post","status-publish","format-standard","has-post-thumbnail","hentry","category-chile","category-energia","category-noticias","tag-energia"],"rttpg_featured_image_url":{"full":["https:\/\/prodelcobre.cl\/nueva\/wp-content\/uploads\/2023\/01\/energia-freepik.jpg",841,547,false],"landscape":["https:\/\/prodelcobre.cl\/nueva\/wp-content\/uploads\/2023\/01\/energia-freepik.jpg",841,547,false],"portraits":["https:\/\/prodelcobre.cl\/nueva\/wp-content\/uploads\/2023\/01\/energia-freepik.jpg",841,547,false],"thumbnail":["https:\/\/prodelcobre.cl\/nueva\/wp-content\/uploads\/2023\/01\/energia-freepik-150x150.jpg",150,150,true],"medium":["https:\/\/prodelcobre.cl\/nueva\/wp-content\/uploads\/2023\/01\/energia-freepik.jpg",841,547,false],"large":["https:\/\/prodelcobre.cl\/nueva\/wp-content\/uploads\/2023\/01\/energia-freepik.jpg",841,547,false],"1536x1536":["https:\/\/prodelcobre.cl\/nueva\/wp-content\/uploads\/2023\/01\/energia-freepik.jpg",841,547,false],"2048x2048":["https:\/\/prodelcobre.cl\/nueva\/wp-content\/uploads\/2023\/01\/energia-freepik.jpg",841,547,false],"morenews-featured":["https:\/\/prodelcobre.cl\/nueva\/wp-content\/uploads\/2023\/01\/energia-freepik.jpg",841,547,false],"morenews-large":["https:\/\/prodelcobre.cl\/nueva\/wp-content\/uploads\/2023\/01\/energia-freepik.jpg",825,537,false],"morenews-medium":["https:\/\/prodelcobre.cl\/nueva\/wp-content\/uploads\/2023\/01\/energia-freepik.jpg",590,384,false],"psacp-medium":["https:\/\/prodelcobre.cl\/nueva\/wp-content\/uploads\/2023\/01\/energia-freepik.jpg",500,325,false]},"rttpg_author":{"display_name":"Francisco P\u00e9rez Alvi\u00e1rez","author_link":"https:\/\/prodelcobre.cl\/nueva\/author\/fperez\/"},"rttpg_comment":0,"rttpg_category":"<a href=\"https:\/\/prodelcobre.cl\/nueva\/category\/chile\/\" rel=\"category tag\">Chile<\/a> <a href=\"https:\/\/prodelcobre.cl\/nueva\/category\/energia\/\" rel=\"category tag\">Energ\u00eda<\/a> <a href=\"https:\/\/prodelcobre.cl\/nueva\/category\/noticias\/\" rel=\"category tag\">Noticias<\/a>","rttpg_excerpt":"La firma logr\u00f3 poner en operaci\u00f3n en julio el sistema de almacenamiento de bater\u00edas m\u00e1s grande de Am\u00e9rica","_links":{"self":[{"href":"https:\/\/prodelcobre.cl\/nueva\/wp-json\/wp\/v2\/posts\/9361","targetHints":{"allow":["GET"]}}],"collection":[{"href":"https:\/\/prodelcobre.cl\/nueva\/wp-json\/wp\/v2\/posts"}],"about":[{"href":"https:\/\/prodelcobre.cl\/nueva\/wp-json\/wp\/v2\/types\/post"}],"author":[{"embeddable":true,"href":"https:\/\/prodelcobre.cl\/nueva\/wp-json\/wp\/v2\/users\/3"}],"replies":[{"embeddable":true,"href":"https:\/\/prodelcobre.cl\/nueva\/wp-json\/wp\/v2\/comments?post=9361"}],"version-history":[{"count":1,"href":"https:\/\/prodelcobre.cl\/nueva\/wp-json\/wp\/v2\/posts\/9361\/revisions"}],"predecessor-version":[{"id":9362,"href":"https:\/\/prodelcobre.cl\/nueva\/wp-json\/wp\/v2\/posts\/9361\/revisions\/9362"}],"wp:featuredmedia":[{"embeddable":true,"href":"https:\/\/prodelcobre.cl\/nueva\/wp-json\/wp\/v2\/media\/7269"}],"wp:attachment":[{"href":"https:\/\/prodelcobre.cl\/nueva\/wp-json\/wp\/v2\/media?parent=9361"}],"wp:term":[{"taxonomy":"category","embeddable":true,"href":"https:\/\/prodelcobre.cl\/nueva\/wp-json\/wp\/v2\/categories?post=9361"},{"taxonomy":"post_tag","embeddable":true,"href":"https:\/\/prodelcobre.cl\/nueva\/wp-json\/wp\/v2\/tags?post=9361"}],"curies":[{"name":"wp","href":"https:\/\/api.w.org\/{rel}","templated":true}]}}